{"id":6961,"date":"2018-10-03T19:41:59","date_gmt":"2018-10-03T17:41:59","guid":{"rendered":"http:\/\/agora.xtec.cat\/escolademusicsijpc\/?p=6961"},"modified":"2018-10-03T19:41:59","modified_gmt":"2018-10-03T17:41:59","slug":"classics-amb-cor","status":"publish","type":"post","link":"https:\/\/agora.xtec.cat\/escolademusicsijpc\/general\/classics-amb-cor\/","title":{"rendered":"Cl\u00e0ssics amb cor"},"content":{"rendered":"<p><a href=\"http:\/\/agora.xtec.cat\/escolademusicsijpc\/wp-content\/uploads\/usu459\/2018\/10\/Classics-amb-cor.gif\"><img loading=\"lazy\" decoding=\"async\" class=\"aligncenter wp-image-6962 size-full\" src=\"http:\/\/agora.xtec.cat\/escolademusicsijpc\/wp-content\/uploads\/usu459\/2018\/10\/Classics-amb-cor.gif\" alt=\"\" width=\"421\" height=\"595\" \/><\/a><\/p>\n<p>Vine a gaudir cantant o tocant amb l\u2019orquestra els cl\u00e0ssics dels cl\u00e0ssics. Fragments del R\u00e8quiem de Mozart, de Faur\u00e9, Carmina Burana, Nabucco\u2026<\/p>\n<ul>\n<li>Tots els\u00a0Dijous<\/li>\n<li>de\u00a020:00 a 21:00h<\/li>\n<li>C\/Riera Alta n10<\/li>\n<li>12\u20ac al mes<\/li>\n<li>Matr\u00edcula gratu\u00efta<\/li>\n<\/ul>\n<div id=\"atatags-370373-5bb4fef8ed8b1\"><\/div>\n<div class=\"wpcnt\"><\/div>\n<div id=\"jp-post-flair\" class=\"sharedaddy sharedaddy-dark sd-like-enabled sd-sharing-enabled\">\n<div id=\"jp-relatedposts\" class=\"jp-relatedposts\"><\/div>\n<\/div>\n<p>&nbsp;<\/p>\n","protected":false},"excerpt":{"rendered":"<p><a href=\"http:\/\/agora.xtec.cat\/escolademusicsijpc\/wp-content\/uploads\/usu459\/2018\/10\/Classics-amb-cor.gif\"><\/a><br \/>\nVine a gaudir cantant o tocant amb l\u2019orquestra els cl\u00e0ssics dels cl\u00e0ssics. Fragments del R\u00e8quiem de Mozart, de Faur\u00e9, Carmina Burana, Nabucco\u2026<\/p>\n<ul>\n<li>Tots els\u00a0Dijous<\/li>\n<li>de\u00a020:00 a 21:00h<\/li>\n<li>C\/Riera Alta n10<\/li>\n<li>12\u20ac al mes<\/li>\n<li>Matr\u00edcula gratu\u00efta<\/li>\n<\/ul>\n<p>&nbsp;<\/p>\n","protected":false},"author":3,"featured_media":6962,"comment_status":"open","ping_status":"closed","sticky":false,"template":"","format":"standard","meta":{"_bbp_topic_count":0,"_bbp_reply_count":0,"_bbp_total_topic_count":0,"_bbp_total_reply_count":0,"_bbp_voice_count":0,"_bbp_anonymous_reply_count":0,"_bbp_topic_count_hidden":0,"_bbp_reply_count_hidden":0,"_bbp_forum_subforum_count":0,"footnotes":""},"categories":[66,1,104],"tags":[],"class_list":["post-6961","post","type-post","status-publish","format-standard","has-post-thumbnail","hentry","category-corals","category-general","category-uncategorized"],"post_mailing_queue_ids":[],"_links":{"self":[{"href":"https:\/\/agora.xtec.cat\/escolademusicsijpc\/wp-json\/wp\/v2\/posts\/6961","targetHints":{"allow":["GET"]}}],"collection":[{"href":"https:\/\/agora.xtec.cat\/escolademusicsijpc\/wp-json\/wp\/v2\/posts"}],"about":[{"href":"https:\/\/agora.xtec.cat\/escolademusicsijpc\/wp-json\/wp\/v2\/types\/post"}],"author":[{"embeddable":true,"href":"https:\/\/agora.xtec.cat\/escolademusicsijpc\/wp-json\/wp\/v2\/users\/3"}],"replies":[{"embeddable":true,"href":"https:\/\/agora.xtec.cat\/escolademusicsijpc\/wp-json\/wp\/v2\/comments?post=6961"}],"version-history":[{"count":2,"href":"https:\/\/agora.xtec.cat\/escolademusicsijpc\/wp-json\/wp\/v2\/posts\/6961\/revisions"}],"predecessor-version":[{"id":6964,"href":"https:\/\/agora.xtec.cat\/escolademusicsijpc\/wp-json\/wp\/v2\/posts\/6961\/revisions\/6964"}],"wp:featuredmedia":[{"embeddable":true,"href":"https:\/\/agora.xtec.cat\/escolademusicsijpc\/wp-json\/wp\/v2\/media\/6962"}],"wp:attachment":[{"href":"https:\/\/agora.xtec.cat\/escolademusicsijpc\/wp-json\/wp\/v2\/media?parent=6961"}],"wp:term":[{"taxonomy":"category","embeddable":true,"href":"https:\/\/agora.xtec.cat\/escolademusicsijpc\/wp-json\/wp\/v2\/categories?post=6961"},{"taxonomy":"post_tag","embeddable":true,"href":"https:\/\/agora.xtec.cat\/escolademusicsijpc\/wp-json\/wp\/v2\/tags?post=6961"}],"curies":[{"name":"wp","href":"https:\/\/api.w.org\/{rel}","templated":true}]}}