{"id":6947,"date":"2018-09-28T15:47:30","date_gmt":"2018-09-28T13:47:30","guid":{"rendered":"http:\/\/agora.xtec.cat\/escolademusicsijpc\/?p=6947"},"modified":"2018-09-28T15:47:30","modified_gmt":"2018-09-28T13:47:30","slug":"la-ravals-band-a-la-merce-2","status":"publish","type":"post","link":"https:\/\/agora.xtec.cat\/escolademusicsijpc\/general\/la-ravals-band-a-la-merce-2\/","title":{"rendered":"La Raval&#8217;s Band a la Merc\u00e8"},"content":{"rendered":"<p>La Raval&#8217;s Band va oferir un fabul\u00f3s concert el passat 23 de setembre per les Festes de la Merc\u00e8 a l&#8217;escenari principal de la Pla\u00e7a Catalunya. Gr\u00e0cies a @AssociatBCN que ha organitzat aquests activitats!\u00a0<a class=\"_58cn\" href=\"https:\/\/www.facebook.com\/hashtag\/somm%C3%BAsica?source=feed_text\"><span class=\"_5afx\"><span class=\"_58cl _5afz\">#<\/span><span class=\"_58cm\">SomM\u00fasica<\/span><\/span><\/a><\/p>\n<p><a href=\"http:\/\/agora.xtec.cat\/escolademusicsijpc\/wp-content\/uploads\/usu459\/2018\/09\/42482649_2159181187688361_598782809737265152_n.jpg\"><img loading=\"lazy\" decoding=\"async\" class=\"size-medium wp-image-6952 alignleft\" src=\"http:\/\/agora.xtec.cat\/escolademusicsijpc\/wp-content\/uploads\/usu459\/2018\/09\/42482649_2159181187688361_598782809737265152_n-300x233.jpg\" alt=\"\" width=\"300\" height=\"233\" srcset=\"https:\/\/agora.xtec.cat\/escolademusicsijpc\/wp-content\/uploads\/usu459\/2018\/09\/42482649_2159181187688361_598782809737265152_n-300x233.jpg 300w, https:\/\/agora.xtec.cat\/escolademusicsijpc\/wp-content\/uploads\/usu459\/2018\/09\/42482649_2159181187688361_598782809737265152_n-768x596.jpg 768w, https:\/\/agora.xtec.cat\/escolademusicsijpc\/wp-content\/uploads\/usu459\/2018\/09\/42482649_2159181187688361_598782809737265152_n.jpg 960w\" sizes=\"auto, (max-width: 300px) 100vw, 300px\" \/><\/a><a href=\"http:\/\/agora.xtec.cat\/escolademusicsijpc\/wp-content\/uploads\/usu459\/2018\/09\/42455089_2159181181021695_6377466645702508544_n.jpg\"><img loading=\"lazy\" decoding=\"async\" class=\"size-medium wp-image-6950 alignleft\" src=\"http:\/\/agora.xtec.cat\/escolademusicsijpc\/wp-content\/uploads\/usu459\/2018\/09\/42455089_2159181181021695_6377466645702508544_n-300x233.jpg\" alt=\"\" width=\"300\" height=\"233\" srcset=\"https:\/\/agora.xtec.cat\/escolademusicsijpc\/wp-content\/uploads\/usu459\/2018\/09\/42455089_2159181181021695_6377466645702508544_n-300x233.jpg 300w, https:\/\/agora.xtec.cat\/escolademusicsijpc\/wp-content\/uploads\/usu459\/2018\/09\/42455089_2159181181021695_6377466645702508544_n-768x596.jpg 768w, https:\/\/agora.xtec.cat\/escolademusicsijpc\/wp-content\/uploads\/usu459\/2018\/09\/42455089_2159181181021695_6377466645702508544_n.jpg 960w\" sizes=\"auto, (max-width: 300px) 100vw, 300px\" \/><\/a><a href=\"http:\/\/agora.xtec.cat\/escolademusicsijpc\/wp-content\/uploads\/usu459\/2018\/09\/42440868_2159181287688351_7401790803627999232_n.jpg\"><img loading=\"lazy\" decoding=\"async\" class=\"size-medium wp-image-6949 alignleft\" src=\"http:\/\/agora.xtec.cat\/escolademusicsijpc\/wp-content\/uploads\/usu459\/2018\/09\/42440868_2159181287688351_7401790803627999232_n-300x233.jpg\" alt=\"\" width=\"300\" height=\"233\" srcset=\"https:\/\/agora.xtec.cat\/escolademusicsijpc\/wp-content\/uploads\/usu459\/2018\/09\/42440868_2159181287688351_7401790803627999232_n-300x233.jpg 300w, https:\/\/agora.xtec.cat\/escolademusicsijpc\/wp-content\/uploads\/usu459\/2018\/09\/42440868_2159181287688351_7401790803627999232_n-768x596.jpg 768w, https:\/\/agora.xtec.cat\/escolademusicsijpc\/wp-content\/uploads\/usu459\/2018\/09\/42440868_2159181287688351_7401790803627999232_n.jpg 960w\" sizes=\"auto, (max-width: 300px) 100vw, 300px\" \/><\/a><a href=\"http:\/\/agora.xtec.cat\/escolademusicsijpc\/wp-content\/uploads\/usu459\/2018\/09\/42435617_2159181167688363_3597821222559154176_n.jpg\"><img loading=\"lazy\" decoding=\"async\" class=\"size-medium wp-image-6948 alignleft\" src=\"http:\/\/agora.xtec.cat\/escolademusicsijpc\/wp-content\/uploads\/usu459\/2018\/09\/42435617_2159181167688363_3597821222559154176_n-300x233.jpg\" alt=\"\" width=\"300\" height=\"233\" srcset=\"https:\/\/agora.xtec.cat\/escolademusicsijpc\/wp-content\/uploads\/usu459\/2018\/09\/42435617_2159181167688363_3597821222559154176_n-300x233.jpg 300w, https:\/\/agora.xtec.cat\/escolademusicsijpc\/wp-content\/uploads\/usu459\/2018\/09\/42435617_2159181167688363_3597821222559154176_n-768x596.jpg 768w, https:\/\/agora.xtec.cat\/escolademusicsijpc\/wp-content\/uploads\/usu459\/2018\/09\/42435617_2159181167688363_3597821222559154176_n.jpg 960w\" sizes=\"auto, (max-width: 300px) 100vw, 300px\" \/><\/a><\/p>\n<p>&nbsp;<\/p>\n","protected":false},"excerpt":{"rendered":"<p>La Raval&#8217;s Band va oferir un fabul\u00f3s concert el passat 23 de setembre per les Festes de la Merc\u00e8 a l&#8217;escenari principal de la Pla\u00e7a Catalunya. Gr\u00e0cies a @AssociatBCN que ha organitzat aquests activitats!\u00a0<a class=\"_58cn\" href=\"https:\/\/www.facebook.com\/hashtag\/somm%C3%BAsica?source=feed_text\">#SomM\u00fasica<\/a><br \/>\n<a href=\"http:\/\/agora.xtec.cat\/escolademusicsijpc\/wp-content\/uploads\/usu459\/2018\/09\/42482649_2159181187688361_598782809737265152_n.jpg\"><\/a><a href=\"http:\/\/agora.xtec.cat\/escolademusicsijpc\/wp-content\/uploads\/usu459\/2018\/09\/42455089_2159181181021695_6377466645702508544_n.jpg\"><\/a><a href=\"http:\/\/agora.xtec.cat\/escolademusicsijpc\/wp-content\/uploads\/usu459\/2018\/09\/42440868_2159181287688351_7401790803627999232_n.jpg\"><\/a><a href=\"http:\/\/agora.xtec.cat\/escolademusicsijpc\/wp-content\/uploads\/usu459\/2018\/09\/42435617_2159181167688363_3597821222559154176_n.jpg\"><\/a><br \/>\n&nbsp;<\/p>\n","protected":false},"author":3,"featured_media":6952,"comment_status":"open","ping_status":"closed","sticky":false,"template":"","format":"standard","meta":{"_bbp_topic_count":0,"_bbp_reply_count":0,"_bbp_total_topic_count":0,"_bbp_total_reply_count":0,"_bbp_voice_count":0,"_bbp_anonymous_reply_count":0,"_bbp_topic_count_hidden":0,"_bbp_reply_count_hidden":0,"_bbp_forum_subforum_count":0,"footnotes":""},"categories":[63,1,75,104],"tags":[],"class_list":["post-6947","post","type-post","status-publish","format-standard","has-post-thumbnail","hentry","category-concerts","category-general","category-ravals-band","category-uncategorized"],"post_mailing_queue_ids":[],"_links":{"self":[{"href":"https:\/\/agora.xtec.cat\/escolademusicsijpc\/wp-json\/wp\/v2\/posts\/6947","targetHints":{"allow":["GET"]}}],"collection":[{"href":"https:\/\/agora.xtec.cat\/escolademusicsijpc\/wp-json\/wp\/v2\/posts"}],"about":[{"href":"https:\/\/agora.xtec.cat\/escolademusicsijpc\/wp-json\/wp\/v2\/types\/post"}],"author":[{"embeddable":true,"href":"https:\/\/agora.xtec.cat\/escolademusicsijpc\/wp-json\/wp\/v2\/users\/3"}],"replies":[{"embeddable":true,"href":"https:\/\/agora.xtec.cat\/escolademusicsijpc\/wp-json\/wp\/v2\/comments?post=6947"}],"version-history":[{"count":4,"href":"https:\/\/agora.xtec.cat\/escolademusicsijpc\/wp-json\/wp\/v2\/posts\/6947\/revisions"}],"predecessor-version":[{"id":6956,"href":"https:\/\/agora.xtec.cat\/escolademusicsijpc\/wp-json\/wp\/v2\/posts\/6947\/revisions\/6956"}],"wp:featuredmedia":[{"embeddable":true,"href":"https:\/\/agora.xtec.cat\/escolademusicsijpc\/wp-json\/wp\/v2\/media\/6952"}],"wp:attachment":[{"href":"https:\/\/agora.xtec.cat\/escolademusicsijpc\/wp-json\/wp\/v2\/media?parent=6947"}],"wp:term":[{"taxonomy":"category","embeddable":true,"href":"https:\/\/agora.xtec.cat\/escolademusicsijpc\/wp-json\/wp\/v2\/categories?post=6947"},{"taxonomy":"post_tag","embeddable":true,"href":"https:\/\/agora.xtec.cat\/escolademusicsijpc\/wp-json\/wp\/v2\/tags?post=6947"}],"curies":[{"name":"wp","href":"https:\/\/api.w.org\/{rel}","templated":true}]}}