{"id":6938,"date":"2018-09-17T20:33:27","date_gmt":"2018-09-17T18:33:27","guid":{"rendered":"http:\/\/agora.xtec.cat\/escolademusicsijpc\/?p=6938"},"modified":"2018-09-17T20:33:27","modified_gmt":"2018-09-17T18:33:27","slug":"taller-percussio-corporal-i-coral-santi-serratosa-3","status":"publish","type":"post","link":"https:\/\/agora.xtec.cat\/escolademusicsijpc\/general\/taller-percussio-corporal-i-coral-santi-serratosa-3\/","title":{"rendered":"Taller Percussi\u00f3 Corporal i Coral Santi Serratosa"},"content":{"rendered":"<p><a href=\"http:\/\/agora.xtec.cat\/escolademusicsijpc\/wp-content\/uploads\/usu459\/2018\/09\/serratosa2018.gif\"><img loading=\"lazy\" decoding=\"async\" class=\"alignright size-medium wp-image-6939\" src=\"http:\/\/agora.xtec.cat\/escolademusicsijpc\/wp-content\/uploads\/usu459\/2018\/09\/serratosa2018-212x300.gif\" alt=\"\" width=\"212\" height=\"300\" \/><\/a>Bateria de \u201cGossos\u201d, director d\u2019una Big Band de percussi\u00f3 corporal, core\u00f2graf de percussi\u00f3 corporal i gran pedagog. El cos i la veu, dos instruments al nostre abast. Apr\u00e8n a fer-los sonar!!! \u00c9s un taller obert, no cal ser alumne de l\u2019escola.<\/p>\n<ul>\n<li>Dissabte 20 d\u2019octubre<\/li>\n<li>de 9:45 a 13h<\/li>\n<li>Preu: 10\u20ac<\/li>\n<li>Escola Mil\u00e0 i Fontanals<\/li>\n<li>Carrer dels \u00c0ngels s\/n (C\/ del Carme cantonada amb C\/ d\u2019Agust\u00ed Duran i Sanpere)<\/li>\n<li>Portar aigua i un petit esmorzar per la pausa.<\/li>\n<li>Us demanem que confirmeu la vostra assist\u00e8ncia abans del 5 d\u2019octubre abonant l&#8217;import del taller a Secretaria de l\u2019escola.<\/li>\n<\/ul>\n","protected":false},"excerpt":{"rendered":"<p><a href=\"http:\/\/agora.xtec.cat\/escolademusicsijpc\/wp-content\/uploads\/usu459\/2018\/09\/serratosa2018.gif\"><\/a>Bateria de \u201cGossos\u201d, director d\u2019una Big Band de percussi\u00f3 corporal, core\u00f2graf de percussi\u00f3 corporal i gran pedagog. El cos i la veu, dos instruments al nostre abast. Apr\u00e8n a fer-los sonar!!! \u00c9s un taller obert, no cal ser alumne de l\u2019escola.<\/p>\n<ul>\n<li>Dissabte 20 d\u2019octubre<\/li>\n<li>de 9:45&hellip;  <a href=\"https:\/\/agora.xtec.cat\/escolademusicsijpc\/general\/taller-percussio-corporal-i-coral-santi-serratosa-3\/\" title=\"Read Taller Percussi\u00f3 Corporal i Coral Santi Serratosa\">Llegeix m\u00e9s\u00bb<\/a><br \/>\n","protected":false},"author":3,"featured_media":6939,"comment_status":"open","ping_status":"closed","sticky":false,"template":"","format":"standard","meta":{"_bbp_topic_count":0,"_bbp_reply_count":0,"_bbp_total_topic_count":0,"_bbp_total_reply_count":0,"_bbp_voice_count":0,"_bbp_anonymous_reply_count":0,"_bbp_topic_count_hidden":0,"_bbp_reply_count_hidden":0,"_bbp_forum_subforum_count":0,"footnotes":""},"categories":[1,69,104],"tags":[],"class_list":["post-6938","post","type-post","status-publish","format-standard","has-post-thumbnail","hentry","category-general","category-master-classes","category-uncategorized"],"post_mailing_queue_ids":[],"_links":{"self":[{"href":"https:\/\/agora.xtec.cat\/escolademusicsijpc\/wp-json\/wp\/v2\/posts\/6938","targetHints":{"allow":["GET"]}}],"collection":[{"href":"https:\/\/agora.xtec.cat\/escolademusicsijpc\/wp-json\/wp\/v2\/posts"}],"about":[{"href":"https:\/\/agora.xtec.cat\/escolademusicsijpc\/wp-json\/wp\/v2\/types\/post"}],"author":[{"embeddable":true,"href":"https:\/\/agora.xtec.cat\/escolademusicsijpc\/wp-json\/wp\/v2\/users\/3"}],"replies":[{"embeddable":true,"href":"https:\/\/agora.xtec.cat\/escolademusicsijpc\/wp-json\/wp\/v2\/comments?post=6938"}],"version-history":[{"count":2,"href":"https:\/\/agora.xtec.cat\/escolademusicsijpc\/wp-json\/wp\/v2\/posts\/6938\/revisions"}],"predecessor-version":[{"id":6941,"href":"https:\/\/agora.xtec.cat\/escolademusicsijpc\/wp-json\/wp\/v2\/posts\/6938\/revisions\/6941"}],"wp:featuredmedia":[{"embeddable":true,"href":"https:\/\/agora.xtec.cat\/escolademusicsijpc\/wp-json\/wp\/v2\/media\/6939"}],"wp:attachment":[{"href":"https:\/\/agora.xtec.cat\/escolademusicsijpc\/wp-json\/wp\/v2\/media?parent=6938"}],"wp:term":[{"taxonomy":"category","embeddable":true,"href":"https:\/\/agora.xtec.cat\/escolademusicsijpc\/wp-json\/wp\/v2\/categories?post=6938"},{"taxonomy":"post_tag","embeddable":true,"href":"https:\/\/agora.xtec.cat\/escolademusicsijpc\/wp-json\/wp\/v2\/tags?post=6938"}],"curies":[{"name":"wp","href":"https:\/\/api.w.org\/{rel}","templated":true}]}}