{"id":6934,"date":"2018-09-13T18:59:12","date_gmt":"2018-09-13T16:59:12","guid":{"rendered":"http:\/\/agora.xtec.cat\/escolademusicsijpc\/?p=6934"},"modified":"2018-09-13T18:59:12","modified_gmt":"2018-09-13T16:59:12","slug":"festes-de-la-merce","status":"publish","type":"post","link":"https:\/\/agora.xtec.cat\/escolademusicsijpc\/general\/festes-de-la-merce\/","title":{"rendered":"Festes de la Merc\u00e8"},"content":{"rendered":"<p>Com cada any LEM a les festes de la Merc\u00e8. Diumenge 23 de setembre a partir de les 19:10h a l&#8217;escenari verd de Pla\u00e7a Catalunya.\u00a0<a class=\"_58cn\" href=\"https:\/\/www.facebook.com\/hashtag\/somm%C3%BAsica?source=feed_text&amp;__xts__%5B0%5D=68.ARCnRaFOzb8781JdUeq3D_58pz_4LXM9QAl28J7pBCS_yti58lpbct4-ZsVe61JkfgK7XWXxnVOthx-e50F5wn-72fBxC0vN1QsUpC2WGrDhKEDe_CR04oQdD_euKlypkJzCAKd8KRj7HHzkDj7v59lD60Mlu89SHWBIMRh1U_XVtmYdSKkatg&amp;__tn__=%2ANK-R\"><span class=\"_5afx\"><span class=\"_58cl _5afz\">#<\/span><span class=\"_58cm\">SomM\u00fasica<\/span><\/span><\/a><\/p>\n<p><a href=\"http:\/\/agora.xtec.cat\/escolademusicsijpc\/wp-content\/uploads\/usu459\/2018\/09\/41325035_2151194401820373_7141920938345365504_n.jpg\"><img loading=\"lazy\" decoding=\"async\" class=\"size-medium wp-image-6935 alignleft\" src=\"http:\/\/agora.xtec.cat\/escolademusicsijpc\/wp-content\/uploads\/usu459\/2018\/09\/41325035_2151194401820373_7141920938345365504_n-204x300.jpg\" alt=\"\" width=\"204\" height=\"300\" srcset=\"https:\/\/agora.xtec.cat\/escolademusicsijpc\/wp-content\/uploads\/usu459\/2018\/09\/41325035_2151194401820373_7141920938345365504_n-204x300.jpg 204w, https:\/\/agora.xtec.cat\/escolademusicsijpc\/wp-content\/uploads\/usu459\/2018\/09\/41325035_2151194401820373_7141920938345365504_n.jpg 653w\" sizes=\"auto, (max-width: 204px) 100vw, 204px\" \/><\/a> <a href=\"http:\/\/agora.xtec.cat\/escolademusicsijpc\/wp-content\/uploads\/usu459\/2018\/09\/41513695_2151194378487042_5155943780255268864_n.jpg\"><img loading=\"lazy\" decoding=\"async\" class=\"size-medium wp-image-6936 alignleft\" src=\"http:\/\/agora.xtec.cat\/escolademusicsijpc\/wp-content\/uploads\/usu459\/2018\/09\/41513695_2151194378487042_5155943780255268864_n-213x300.jpg\" alt=\"\" width=\"213\" height=\"300\" srcset=\"https:\/\/agora.xtec.cat\/escolademusicsijpc\/wp-content\/uploads\/usu459\/2018\/09\/41513695_2151194378487042_5155943780255268864_n-213x300.jpg 213w, https:\/\/agora.xtec.cat\/escolademusicsijpc\/wp-content\/uploads\/usu459\/2018\/09\/41513695_2151194378487042_5155943780255268864_n.jpg 681w\" sizes=\"auto, (max-width: 213px) 100vw, 213px\" \/><\/a><\/p>\n<p>&nbsp;<\/p>\n","protected":false},"excerpt":{"rendered":"<p>Com cada any LEM a les festes de la Merc\u00e8. Diumenge 23 de setembre a partir de les 19:10h a l&#8217;escenari verd de Pla\u00e7a Catalunya.\u00a0<a class=\"_58cn\" href=\"https:\/\/www.facebook.com\/hashtag\/somm%C3%BAsica?source=feed_text&amp;__xts__%5B0%5D=68.ARCnRaFOzb8781JdUeq3D_58pz_4LXM9QAl28J7pBCS_yti58lpbct4-ZsVe61JkfgK7XWXxnVOthx-e50F5wn-72fBxC0vN1QsUpC2WGrDhKEDe_CR04oQdD_euKlypkJzCAKd8KRj7HHzkDj7v59lD60Mlu89SHWBIMRh1U_XVtmYdSKkatg&amp;__tn__=%2ANK-R\">#SomM\u00fasica<\/a><br \/>\n<a href=\"http:\/\/agora.xtec.cat\/escolademusicsijpc\/wp-content\/uploads\/usu459\/2018\/09\/41325035_2151194401820373_7141920938345365504_n.jpg\"><\/a> <a href=\"http:\/\/agora.xtec.cat\/escolademusicsijpc\/wp-content\/uploads\/usu459\/2018\/09\/41513695_2151194378487042_5155943780255268864_n.jpg\"><\/a><br \/>\n&nbsp;<\/p>\n","protected":false},"author":3,"featured_media":6935,"comment_status":"open","ping_status":"closed","sticky":false,"template":"","format":"standard","meta":{"_bbp_topic_count":0,"_bbp_reply_count":0,"_bbp_total_topic_count":0,"_bbp_total_reply_count":0,"_bbp_voice_count":0,"_bbp_anonymous_reply_count":0,"_bbp_topic_count_hidden":0,"_bbp_reply_count_hidden":0,"_bbp_forum_subforum_count":0,"footnotes":""},"categories":[63,1,104],"tags":[],"class_list":["post-6934","post","type-post","status-publish","format-standard","has-post-thumbnail","hentry","category-concerts","category-general","category-uncategorized"],"post_mailing_queue_ids":[],"_links":{"self":[{"href":"https:\/\/agora.xtec.cat\/escolademusicsijpc\/wp-json\/wp\/v2\/posts\/6934","targetHints":{"allow":["GET"]}}],"collection":[{"href":"https:\/\/agora.xtec.cat\/escolademusicsijpc\/wp-json\/wp\/v2\/posts"}],"about":[{"href":"https:\/\/agora.xtec.cat\/escolademusicsijpc\/wp-json\/wp\/v2\/types\/post"}],"author":[{"embeddable":true,"href":"https:\/\/agora.xtec.cat\/escolademusicsijpc\/wp-json\/wp\/v2\/users\/3"}],"replies":[{"embeddable":true,"href":"https:\/\/agora.xtec.cat\/escolademusicsijpc\/wp-json\/wp\/v2\/comments?post=6934"}],"version-history":[{"count":1,"href":"https:\/\/agora.xtec.cat\/escolademusicsijpc\/wp-json\/wp\/v2\/posts\/6934\/revisions"}],"predecessor-version":[{"id":6937,"href":"https:\/\/agora.xtec.cat\/escolademusicsijpc\/wp-json\/wp\/v2\/posts\/6934\/revisions\/6937"}],"wp:featuredmedia":[{"embeddable":true,"href":"https:\/\/agora.xtec.cat\/escolademusicsijpc\/wp-json\/wp\/v2\/media\/6935"}],"wp:attachment":[{"href":"https:\/\/agora.xtec.cat\/escolademusicsijpc\/wp-json\/wp\/v2\/media?parent=6934"}],"wp:term":[{"taxonomy":"category","embeddable":true,"href":"https:\/\/agora.xtec.cat\/escolademusicsijpc\/wp-json\/wp\/v2\/categories?post=6934"},{"taxonomy":"post_tag","embeddable":true,"href":"https:\/\/agora.xtec.cat\/escolademusicsijpc\/wp-json\/wp\/v2\/tags?post=6934"}],"curies":[{"name":"wp","href":"https:\/\/api.w.org\/{rel}","templated":true}]}}