{"id":6903,"date":"2018-06-19T16:36:43","date_gmt":"2018-06-19T14:36:43","guid":{"rendered":"http:\/\/agora.xtec.cat\/escolademusicsijpc\/?p=6903"},"modified":"2018-10-05T16:23:08","modified_gmt":"2018-10-05T14:23:08","slug":"fotos-25e-aniversari-a-lauditori","status":"publish","type":"post","link":"https:\/\/agora.xtec.cat\/escolademusicsijpc\/general\/fotos-25e-aniversari-a-lauditori\/","title":{"rendered":"Fotos 25\u00e8 aniversari a l\u2019Auditori"},"content":{"rendered":"<p>Un mili\u00f3 de gr\u00e0cies a tots els que ens heu acompanyat aquest mat\u00ed a la celebraci\u00f3 del nostre 25 aniversari a l\u2019Auditori de Barcelona, en unes poques hores tornem a la feina per seguir fent anys i complint somnis.\u00a0<a class=\"_58cn\" href=\"https:\/\/www.facebook.com\/hashtag\/somm%C3%BAsica?source=feed_text\"><span class=\"_5afx\"><span class=\"_58cl _5afz\">#<\/span><span class=\"_58cm\">SomM\u00fasica<\/span><\/span><\/a><a class=\"_58cn\" href=\"https:\/\/www.facebook.com\/hashtag\/lem25?source=feed_text\"><span class=\"_5afx\"><span class=\"_58cl _5afz\">#<\/span><span class=\"_58cm\">LEM25<\/span><\/span><\/a>\u00a0<a class=\"_58cn\" href=\"https:\/\/www.facebook.com\/hashtag\/barcelona?source=feed_text\"><span class=\"_5afx\"><span class=\"_58cl _5afz\">#<\/span><span class=\"_58cm\">Barcelona<\/span><\/span><\/a>\u00a0<a class=\"_58cn\" href=\"https:\/\/www.facebook.com\/hashtag\/raval?source=feed_text\"><span class=\"_5afx\"><span class=\"_58cl _5afz\">#<\/span><span class=\"_58cm\">Raval<\/span><\/span><\/a><\/p>\n<p><a href=\"http:\/\/agora.xtec.cat\/escolademusicsijpc\/wp-content\/uploads\/usu459\/2018\/06\/35435932_2071490729790741_8073387813137022976_n.jpg\"><img loading=\"lazy\" decoding=\"async\" class=\"size-medium wp-image-6904 alignleft\" src=\"http:\/\/agora.xtec.cat\/escolademusicsijpc\/wp-content\/uploads\/usu459\/2018\/06\/35435932_2071490729790741_8073387813137022976_n-300x206.jpg\" alt=\"\" width=\"300\" height=\"206\" srcset=\"https:\/\/agora.xtec.cat\/escolademusicsijpc\/wp-content\/uploads\/usu459\/2018\/06\/35435932_2071490729790741_8073387813137022976_n-300x206.jpg 300w, https:\/\/agora.xtec.cat\/escolademusicsijpc\/wp-content\/uploads\/usu459\/2018\/06\/35435932_2071490729790741_8073387813137022976_n-768x528.jpg 768w, https:\/\/agora.xtec.cat\/escolademusicsijpc\/wp-content\/uploads\/usu459\/2018\/06\/35435932_2071490729790741_8073387813137022976_n.jpg 960w\" sizes=\"auto, (max-width: 300px) 100vw, 300px\" \/><\/a> <a href=\"http:\/\/agora.xtec.cat\/escolademusicsijpc\/wp-content\/uploads\/usu459\/2018\/06\/35476061_2071490513124096_2796109682056364032_n.jpg\"><img loading=\"lazy\" decoding=\"async\" class=\"size-medium wp-image-6905 alignleft\" src=\"http:\/\/agora.xtec.cat\/escolademusicsijpc\/wp-content\/uploads\/usu459\/2018\/06\/35476061_2071490513124096_2796109682056364032_n-300x206.jpg\" alt=\"\" width=\"300\" height=\"206\" srcset=\"https:\/\/agora.xtec.cat\/escolademusicsijpc\/wp-content\/uploads\/usu459\/2018\/06\/35476061_2071490513124096_2796109682056364032_n-300x206.jpg 300w, https:\/\/agora.xtec.cat\/escolademusicsijpc\/wp-content\/uploads\/usu459\/2018\/06\/35476061_2071490513124096_2796109682056364032_n-768x528.jpg 768w, https:\/\/agora.xtec.cat\/escolademusicsijpc\/wp-content\/uploads\/usu459\/2018\/06\/35476061_2071490513124096_2796109682056364032_n.jpg 960w\" sizes=\"auto, (max-width: 300px) 100vw, 300px\" \/><\/a> <a href=\"http:\/\/agora.xtec.cat\/escolademusicsijpc\/wp-content\/uploads\/usu459\/2018\/06\/35486024_2071490556457425_7511133442554200064_n.jpg\"><img loading=\"lazy\" decoding=\"async\" class=\"size-medium wp-image-6906 alignleft\" src=\"http:\/\/agora.xtec.cat\/escolademusicsijpc\/wp-content\/uploads\/usu459\/2018\/06\/35486024_2071490556457425_7511133442554200064_n-300x206.jpg\" alt=\"\" width=\"300\" height=\"206\" srcset=\"https:\/\/agora.xtec.cat\/escolademusicsijpc\/wp-content\/uploads\/usu459\/2018\/06\/35486024_2071490556457425_7511133442554200064_n-300x206.jpg 300w, https:\/\/agora.xtec.cat\/escolademusicsijpc\/wp-content\/uploads\/usu459\/2018\/06\/35486024_2071490556457425_7511133442554200064_n-768x528.jpg 768w, https:\/\/agora.xtec.cat\/escolademusicsijpc\/wp-content\/uploads\/usu459\/2018\/06\/35486024_2071490556457425_7511133442554200064_n.jpg 960w\" sizes=\"auto, (max-width: 300px) 100vw, 300px\" \/><\/a> <a href=\"http:\/\/agora.xtec.cat\/escolademusicsijpc\/wp-content\/uploads\/usu459\/2018\/06\/35486477_2071490373124110_4278582313593339904_n.jpg\"><img loading=\"lazy\" decoding=\"async\" class=\"size-medium wp-image-6907 alignleft\" src=\"http:\/\/agora.xtec.cat\/escolademusicsijpc\/wp-content\/uploads\/usu459\/2018\/06\/35486477_2071490373124110_4278582313593339904_n-300x206.jpg\" alt=\"\" width=\"300\" height=\"206\" srcset=\"https:\/\/agora.xtec.cat\/escolademusicsijpc\/wp-content\/uploads\/usu459\/2018\/06\/35486477_2071490373124110_4278582313593339904_n-300x206.jpg 300w, https:\/\/agora.xtec.cat\/escolademusicsijpc\/wp-content\/uploads\/usu459\/2018\/06\/35486477_2071490373124110_4278582313593339904_n-768x528.jpg 768w, https:\/\/agora.xtec.cat\/escolademusicsijpc\/wp-content\/uploads\/usu459\/2018\/06\/35486477_2071490373124110_4278582313593339904_n.jpg 960w\" sizes=\"auto, (max-width: 300px) 100vw, 300px\" \/><\/a> <a href=\"http:\/\/agora.xtec.cat\/escolademusicsijpc\/wp-content\/uploads\/usu459\/2018\/06\/35489397_2071490539790760_6774521412846616576_n.jpg\"><img loading=\"lazy\" decoding=\"async\" class=\"size-medium wp-image-6908 alignleft\" src=\"http:\/\/agora.xtec.cat\/escolademusicsijpc\/wp-content\/uploads\/usu459\/2018\/06\/35489397_2071490539790760_6774521412846616576_n-300x206.jpg\" alt=\"\" width=\"300\" height=\"206\" srcset=\"https:\/\/agora.xtec.cat\/escolademusicsijpc\/wp-content\/uploads\/usu459\/2018\/06\/35489397_2071490539790760_6774521412846616576_n-300x206.jpg 300w, https:\/\/agora.xtec.cat\/escolademusicsijpc\/wp-content\/uploads\/usu459\/2018\/06\/35489397_2071490539790760_6774521412846616576_n-768x528.jpg 768w, https:\/\/agora.xtec.cat\/escolademusicsijpc\/wp-content\/uploads\/usu459\/2018\/06\/35489397_2071490539790760_6774521412846616576_n.jpg 960w\" sizes=\"auto, (max-width: 300px) 100vw, 300px\" \/><\/a> <a href=\"http:\/\/agora.xtec.cat\/escolademusicsijpc\/wp-content\/uploads\/usu459\/2018\/06\/35492741_2071490703124077_4196907269872418816_n.jpg\"><img loading=\"lazy\" decoding=\"async\" class=\"size-medium wp-image-6909 alignleft\" src=\"http:\/\/agora.xtec.cat\/escolademusicsijpc\/wp-content\/uploads\/usu459\/2018\/06\/35492741_2071490703124077_4196907269872418816_n-300x206.jpg\" alt=\"\" width=\"300\" height=\"206\" srcset=\"https:\/\/agora.xtec.cat\/escolademusicsijpc\/wp-content\/uploads\/usu459\/2018\/06\/35492741_2071490703124077_4196907269872418816_n-300x206.jpg 300w, https:\/\/agora.xtec.cat\/escolademusicsijpc\/wp-content\/uploads\/usu459\/2018\/06\/35492741_2071490703124077_4196907269872418816_n-768x528.jpg 768w, https:\/\/agora.xtec.cat\/escolademusicsijpc\/wp-content\/uploads\/usu459\/2018\/06\/35492741_2071490703124077_4196907269872418816_n.jpg 960w\" sizes=\"auto, (max-width: 300px) 100vw, 300px\" \/><\/a> <a href=\"http:\/\/agora.xtec.cat\/escolademusicsijpc\/wp-content\/uploads\/usu459\/2018\/06\/35518957_2071490976457383_5513177285668110336_n.jpg\"><img loading=\"lazy\" decoding=\"async\" class=\"size-medium wp-image-6910 alignleft\" src=\"http:\/\/agora.xtec.cat\/escolademusicsijpc\/wp-content\/uploads\/usu459\/2018\/06\/35518957_2071490976457383_5513177285668110336_n-300x206.jpg\" alt=\"\" width=\"300\" height=\"206\" srcset=\"https:\/\/agora.xtec.cat\/escolademusicsijpc\/wp-content\/uploads\/usu459\/2018\/06\/35518957_2071490976457383_5513177285668110336_n-300x206.jpg 300w, https:\/\/agora.xtec.cat\/escolademusicsijpc\/wp-content\/uploads\/usu459\/2018\/06\/35518957_2071490976457383_5513177285668110336_n-768x528.jpg 768w, https:\/\/agora.xtec.cat\/escolademusicsijpc\/wp-content\/uploads\/usu459\/2018\/06\/35518957_2071490976457383_5513177285668110336_n.jpg 960w\" sizes=\"auto, (max-width: 300px) 100vw, 300px\" \/><\/a> <a href=\"http:\/\/agora.xtec.cat\/escolademusicsijpc\/wp-content\/uploads\/usu459\/2018\/06\/35522882_2071490906457390_5755812877416005632_n.jpg\"><img loading=\"lazy\" decoding=\"async\" class=\"size-medium wp-image-6911 alignleft\" src=\"http:\/\/agora.xtec.cat\/escolademusicsijpc\/wp-content\/uploads\/usu459\/2018\/06\/35522882_2071490906457390_5755812877416005632_n-300x206.jpg\" alt=\"\" width=\"300\" height=\"206\" srcset=\"https:\/\/agora.xtec.cat\/escolademusicsijpc\/wp-content\/uploads\/usu459\/2018\/06\/35522882_2071490906457390_5755812877416005632_n-300x206.jpg 300w, https:\/\/agora.xtec.cat\/escolademusicsijpc\/wp-content\/uploads\/usu459\/2018\/06\/35522882_2071490906457390_5755812877416005632_n-768x528.jpg 768w, https:\/\/agora.xtec.cat\/escolademusicsijpc\/wp-content\/uploads\/usu459\/2018\/06\/35522882_2071490906457390_5755812877416005632_n.jpg 960w\" sizes=\"auto, (max-width: 300px) 100vw, 300px\" \/><\/a> <a href=\"http:\/\/agora.xtec.cat\/escolademusicsijpc\/wp-content\/uploads\/usu459\/2018\/06\/35531871_2071490396457441_6576841011857719296_n.jpg\"><img loading=\"lazy\" decoding=\"async\" class=\"size-medium wp-image-6912 alignleft\" src=\"http:\/\/agora.xtec.cat\/escolademusicsijpc\/wp-content\/uploads\/usu459\/2018\/06\/35531871_2071490396457441_6576841011857719296_n-300x206.jpg\" alt=\"\" width=\"300\" height=\"206\" srcset=\"https:\/\/agora.xtec.cat\/escolademusicsijpc\/wp-content\/uploads\/usu459\/2018\/06\/35531871_2071490396457441_6576841011857719296_n-300x206.jpg 300w, https:\/\/agora.xtec.cat\/escolademusicsijpc\/wp-content\/uploads\/usu459\/2018\/06\/35531871_2071490396457441_6576841011857719296_n-768x528.jpg 768w, https:\/\/agora.xtec.cat\/escolademusicsijpc\/wp-content\/uploads\/usu459\/2018\/06\/35531871_2071490396457441_6576841011857719296_n.jpg 960w\" sizes=\"auto, (max-width: 300px) 100vw, 300px\" \/><\/a> <a href=\"http:\/\/agora.xtec.cat\/escolademusicsijpc\/wp-content\/uploads\/usu459\/2018\/06\/35548092_2071491029790711_1158655023954001920_n.jpg\"><img loading=\"lazy\" decoding=\"async\" class=\"size-medium wp-image-6913 alignleft\" src=\"http:\/\/agora.xtec.cat\/escolademusicsijpc\/wp-content\/uploads\/usu459\/2018\/06\/35548092_2071491029790711_1158655023954001920_n-300x206.jpg\" alt=\"\" width=\"300\" height=\"206\" srcset=\"https:\/\/agora.xtec.cat\/escolademusicsijpc\/wp-content\/uploads\/usu459\/2018\/06\/35548092_2071491029790711_1158655023954001920_n-300x206.jpg 300w, https:\/\/agora.xtec.cat\/escolademusicsijpc\/wp-content\/uploads\/usu459\/2018\/06\/35548092_2071491029790711_1158655023954001920_n-768x528.jpg 768w, https:\/\/agora.xtec.cat\/escolademusicsijpc\/wp-content\/uploads\/usu459\/2018\/06\/35548092_2071491029790711_1158655023954001920_n.jpg 960w\" sizes=\"auto, (max-width: 300px) 100vw, 300px\" \/><\/a> <a href=\"http:\/\/agora.xtec.cat\/escolademusicsijpc\/wp-content\/uploads\/usu459\/2018\/06\/35552095_2071490739790740_6822642101876948992_n.jpg\"><img loading=\"lazy\" decoding=\"async\" class=\"size-medium wp-image-6914 alignleft\" src=\"http:\/\/agora.xtec.cat\/escolademusicsijpc\/wp-content\/uploads\/usu459\/2018\/06\/35552095_2071490739790740_6822642101876948992_n-300x206.jpg\" alt=\"\" width=\"300\" height=\"206\" srcset=\"https:\/\/agora.xtec.cat\/escolademusicsijpc\/wp-content\/uploads\/usu459\/2018\/06\/35552095_2071490739790740_6822642101876948992_n-300x206.jpg 300w, https:\/\/agora.xtec.cat\/escolademusicsijpc\/wp-content\/uploads\/usu459\/2018\/06\/35552095_2071490739790740_6822642101876948992_n-768x528.jpg 768w, https:\/\/agora.xtec.cat\/escolademusicsijpc\/wp-content\/uploads\/usu459\/2018\/06\/35552095_2071490739790740_6822642101876948992_n.jpg 960w\" sizes=\"auto, (max-width: 300px) 100vw, 300px\" \/><\/a> <a href=\"http:\/\/agora.xtec.cat\/escolademusicsijpc\/wp-content\/uploads\/usu459\/2018\/06\/35628549_2071490389790775_4637842433684537344_n.jpg\"><img loading=\"lazy\" decoding=\"async\" class=\"size-medium wp-image-6915 alignleft\" src=\"http:\/\/agora.xtec.cat\/escolademusicsijpc\/wp-content\/uploads\/usu459\/2018\/06\/35628549_2071490389790775_4637842433684537344_n-300x206.jpg\" alt=\"\" width=\"300\" height=\"206\" srcset=\"https:\/\/agora.xtec.cat\/escolademusicsijpc\/wp-content\/uploads\/usu459\/2018\/06\/35628549_2071490389790775_4637842433684537344_n-300x206.jpg 300w, https:\/\/agora.xtec.cat\/escolademusicsijpc\/wp-content\/uploads\/usu459\/2018\/06\/35628549_2071490389790775_4637842433684537344_n-768x528.jpg 768w, https:\/\/agora.xtec.cat\/escolademusicsijpc\/wp-content\/uploads\/usu459\/2018\/06\/35628549_2071490389790775_4637842433684537344_n.jpg 960w\" sizes=\"auto, (max-width: 300px) 100vw, 300px\" \/><\/a> <a href=\"http:\/\/agora.xtec.cat\/escolademusicsijpc\/wp-content\/uploads\/usu459\/2018\/06\/35701576_2071490866457394_2514204577255915520_n.jpg\"><img loading=\"lazy\" decoding=\"async\" class=\"size-medium wp-image-6916 alignleft\" src=\"http:\/\/agora.xtec.cat\/escolademusicsijpc\/wp-content\/uploads\/usu459\/2018\/06\/35701576_2071490866457394_2514204577255915520_n-300x206.jpg\" alt=\"\" width=\"300\" height=\"206\" srcset=\"https:\/\/agora.xtec.cat\/escolademusicsijpc\/wp-content\/uploads\/usu459\/2018\/06\/35701576_2071490866457394_2514204577255915520_n-300x206.jpg 300w, https:\/\/agora.xtec.cat\/escolademusicsijpc\/wp-content\/uploads\/usu459\/2018\/06\/35701576_2071490866457394_2514204577255915520_n-768x528.jpg 768w, https:\/\/agora.xtec.cat\/escolademusicsijpc\/wp-content\/uploads\/usu459\/2018\/06\/35701576_2071490866457394_2514204577255915520_n.jpg 960w\" sizes=\"auto, (max-width: 300px) 100vw, 300px\" \/><\/a><\/p>\n","protected":false},"excerpt":{"rendered":"<p>Un mili\u00f3 de gr\u00e0cies a tots els que ens heu acompanyat aquest mat\u00ed a la celebraci\u00f3 del nostre 25 aniversari a l\u2019Auditori de Barcelona, en unes poques hores tornem a la feina per seguir fent anys i complint somnis.\u00a0<a class=\"_58cn\" href=\"https:\/\/www.facebook.com\/hashtag\/somm%C3%BAsica?source=feed_text\">#SomM\u00fasica<\/a><a class=\"_58cn\" href=\"https:\/\/www.facebook.com\/hashtag\/lem25?source=feed_text\">#LEM25<\/a>\u00a0<a class=\"_58cn\" href=\"https:\/\/www.facebook.com\/hashtag\/barcelona?source=feed_text\">#Barcelona<\/a>\u00a0<a&hellip;  <a href=\"https:\/\/agora.xtec.cat\/escolademusicsijpc\/general\/fotos-25e-aniversari-a-lauditori\/\" title=\"Read Fotos 25\u00e8 aniversari a l\u2019Auditori\">Llegeix m\u00e9s\u00bb<\/a><\/p>\n","protected":false},"author":3,"featured_media":6911,"comment_status":"open","ping_status":"closed","sticky":false,"template":"","format":"standard","meta":{"_bbp_topic_count":0,"_bbp_reply_count":0,"_bbp_total_topic_count":0,"_bbp_total_reply_count":0,"_bbp_voice_count":0,"_bbp_anonymous_reply_count":0,"_bbp_topic_count_hidden":0,"_bbp_reply_count_hidden":0,"_bbp_forum_subforum_count":0,"footnotes":""},"categories":[59,60,62,63,66,1,68,105,72,74,75,129,104],"tags":[],"class_list":["post-6903","post","type-post","status-publish","format-standard","has-post-thumbnail","hentry","category-audicions-alumnes","category-batucada","category-combos","category-concerts","category-corals","category-general","category-jove-orquestra-de-lem","category-musicals-choir","category-orquestra-de-guitarres","category-raval-simfonic","category-ravals-band","category-smiling","category-uncategorized"],"post_mailing_queue_ids":[],"_links":{"self":[{"href":"https:\/\/agora.xtec.cat\/escolademusicsijpc\/wp-json\/wp\/v2\/posts\/6903","targetHints":{"allow":["GET"]}}],"collection":[{"href":"https:\/\/agora.xtec.cat\/escolademusicsijpc\/wp-json\/wp\/v2\/posts"}],"about":[{"href":"https:\/\/agora.xtec.cat\/escolademusicsijpc\/wp-json\/wp\/v2\/types\/post"}],"author":[{"embeddable":true,"href":"https:\/\/agora.xtec.cat\/escolademusicsijpc\/wp-json\/wp\/v2\/users\/3"}],"replies":[{"embeddable":true,"href":"https:\/\/agora.xtec.cat\/escolademusicsijpc\/wp-json\/wp\/v2\/comments?post=6903"}],"version-history":[{"count":1,"href":"https:\/\/agora.xtec.cat\/escolademusicsijpc\/wp-json\/wp\/v2\/posts\/6903\/revisions"}],"predecessor-version":[{"id":6917,"href":"https:\/\/agora.xtec.cat\/escolademusicsijpc\/wp-json\/wp\/v2\/posts\/6903\/revisions\/6917"}],"wp:featuredmedia":[{"embeddable":true,"href":"https:\/\/agora.xtec.cat\/escolademusicsijpc\/wp-json\/wp\/v2\/media\/6911"}],"wp:attachment":[{"href":"https:\/\/agora.xtec.cat\/escolademusicsijpc\/wp-json\/wp\/v2\/media?parent=6903"}],"wp:term":[{"taxonomy":"category","embeddable":true,"href":"https:\/\/agora.xtec.cat\/escolademusicsijpc\/wp-json\/wp\/v2\/categories?post=6903"},{"taxonomy":"post_tag","embeddable":true,"href":"https:\/\/agora.xtec.cat\/escolademusicsijpc\/wp-json\/wp\/v2\/tags?post=6903"}],"curies":[{"name":"wp","href":"https:\/\/api.w.org\/{rel}","templated":true}]}}