{"id":6867,"date":"2018-06-12T16:18:29","date_gmt":"2018-06-12T14:18:29","guid":{"rendered":"http:\/\/agora.xtec.cat\/escolademusicsijpc\/?p=6867"},"modified":"2018-06-12T16:29:32","modified_gmt":"2018-06-12T14:29:32","slug":"lem-al-palau-de-la-musica","status":"publish","type":"post","link":"https:\/\/agora.xtec.cat\/escolademusicsijpc\/concerts\/lem-al-palau-de-la-musica\/","title":{"rendered":"L&#8217;EM al Palau de la M\u00fasica"},"content":{"rendered":"<p>Espectacular concert de L&#8217;Escola de M\u00fasics ofert ahir al Palau de la M\u00fasica Catalana. Mil gr\u00e0cies a tots els participants que ho vau fer possible.<\/p>\n<p><a href=\"http:\/\/agora.xtec.cat\/escolademusicsijpc\/wp-content\/uploads\/usu459\/2018\/06\/35058310_2066703663602781_8733315658495819776_n.jpg\"><img loading=\"lazy\" decoding=\"async\" class=\"size-medium wp-image-6870 alignleft\" src=\"http:\/\/agora.xtec.cat\/escolademusicsijpc\/wp-content\/uploads\/usu459\/2018\/06\/35058310_2066703663602781_8733315658495819776_n-225x300.jpg\" alt=\"\" width=\"225\" height=\"300\" srcset=\"https:\/\/agora.xtec.cat\/escolademusicsijpc\/wp-content\/uploads\/usu459\/2018\/06\/35058310_2066703663602781_8733315658495819776_n-225x300.jpg 225w, https:\/\/agora.xtec.cat\/escolademusicsijpc\/wp-content\/uploads\/usu459\/2018\/06\/35058310_2066703663602781_8733315658495819776_n.jpg 720w\" sizes=\"auto, (max-width: 225px) 100vw, 225px\" \/><\/a><a href=\"http:\/\/agora.xtec.cat\/escolademusicsijpc\/wp-content\/uploads\/usu459\/2018\/06\/34963614_2066703603602787_2226235107482533888_n.jpg\"><img loading=\"lazy\" decoding=\"async\" class=\"size-medium wp-image-6868 alignleft\" src=\"http:\/\/agora.xtec.cat\/escolademusicsijpc\/wp-content\/uploads\/usu459\/2018\/06\/34963614_2066703603602787_2226235107482533888_n-225x300.jpg\" alt=\"\" width=\"225\" height=\"300\" srcset=\"https:\/\/agora.xtec.cat\/escolademusicsijpc\/wp-content\/uploads\/usu459\/2018\/06\/34963614_2066703603602787_2226235107482533888_n-225x300.jpg 225w, https:\/\/agora.xtec.cat\/escolademusicsijpc\/wp-content\/uploads\/usu459\/2018\/06\/34963614_2066703603602787_2226235107482533888_n.jpg 720w\" sizes=\"auto, (max-width: 225px) 100vw, 225px\" \/><\/a> <a href=\"http:\/\/agora.xtec.cat\/escolademusicsijpc\/wp-content\/uploads\/usu459\/2018\/06\/35070779_2066703553602792_4603309736983527424_n.jpg\"><img loading=\"lazy\" decoding=\"async\" class=\"size-medium wp-image-6871 alignleft\" src=\"http:\/\/agora.xtec.cat\/escolademusicsijpc\/wp-content\/uploads\/usu459\/2018\/06\/35070779_2066703553602792_4603309736983527424_n-300x169.jpg\" alt=\"\" width=\"300\" height=\"169\" srcset=\"https:\/\/agora.xtec.cat\/escolademusicsijpc\/wp-content\/uploads\/usu459\/2018\/06\/35070779_2066703553602792_4603309736983527424_n-300x169.jpg 300w, https:\/\/agora.xtec.cat\/escolademusicsijpc\/wp-content\/uploads\/usu459\/2018\/06\/35070779_2066703553602792_4603309736983527424_n-768x432.jpg 768w, https:\/\/agora.xtec.cat\/escolademusicsijpc\/wp-content\/uploads\/usu459\/2018\/06\/35070779_2066703553602792_4603309736983527424_n.jpg 960w\" sizes=\"auto, (max-width: 300px) 100vw, 300px\" \/><\/a> <a href=\"http:\/\/agora.xtec.cat\/escolademusicsijpc\/wp-content\/uploads\/usu459\/2018\/06\/35026556_2066703693602778_6841238687498371072_n.jpg\"><img loading=\"lazy\" decoding=\"async\" class=\"size-medium wp-image-6869 alignleft\" src=\"http:\/\/agora.xtec.cat\/escolademusicsijpc\/wp-content\/uploads\/usu459\/2018\/06\/35026556_2066703693602778_6841238687498371072_n-300x225.jpg\" alt=\"\" width=\"300\" height=\"225\" srcset=\"https:\/\/agora.xtec.cat\/escolademusicsijpc\/wp-content\/uploads\/usu459\/2018\/06\/35026556_2066703693602778_6841238687498371072_n-300x225.jpg 300w, https:\/\/agora.xtec.cat\/escolademusicsijpc\/wp-content\/uploads\/usu459\/2018\/06\/35026556_2066703693602778_6841238687498371072_n-768x576.jpg 768w, https:\/\/agora.xtec.cat\/escolademusicsijpc\/wp-content\/uploads\/usu459\/2018\/06\/35026556_2066703693602778_6841238687498371072_n-200x150.jpg 200w, https:\/\/agora.xtec.cat\/escolademusicsijpc\/wp-content\/uploads\/usu459\/2018\/06\/35026556_2066703693602778_6841238687498371072_n.jpg 960w\" sizes=\"auto, (max-width: 300px) 100vw, 300px\" \/><\/a><a href=\"http:\/\/agora.xtec.cat\/escolademusicsijpc\/wp-content\/uploads\/usu459\/2018\/06\/35114624_2066703576936123_2848843110128025600_n.jpg\"><img loading=\"lazy\" decoding=\"async\" class=\"size-medium wp-image-6872 alignleft\" src=\"http:\/\/agora.xtec.cat\/escolademusicsijpc\/wp-content\/uploads\/usu459\/2018\/06\/35114624_2066703576936123_2848843110128025600_n-300x225.jpg\" alt=\"\" width=\"300\" height=\"225\" srcset=\"https:\/\/agora.xtec.cat\/escolademusicsijpc\/wp-content\/uploads\/usu459\/2018\/06\/35114624_2066703576936123_2848843110128025600_n-300x225.jpg 300w, https:\/\/agora.xtec.cat\/escolademusicsijpc\/wp-content\/uploads\/usu459\/2018\/06\/35114624_2066703576936123_2848843110128025600_n-768x576.jpg 768w, https:\/\/agora.xtec.cat\/escolademusicsijpc\/wp-content\/uploads\/usu459\/2018\/06\/35114624_2066703576936123_2848843110128025600_n-200x150.jpg 200w, https:\/\/agora.xtec.cat\/escolademusicsijpc\/wp-content\/uploads\/usu459\/2018\/06\/35114624_2066703576936123_2848843110128025600_n.jpg 960w\" sizes=\"auto, (max-width: 300px) 100vw, 300px\" \/><\/a><\/p>\n","protected":false},"excerpt":{"rendered":"<p>Espectacular concert de L&#8217;Escola de M\u00fasics ofert ahir al Palau de la M\u00fasica Catalana. Mil gr\u00e0cies a tots els participants que ho vau fer possible.<br \/>\n<a href=\"http:\/\/agora.xtec.cat\/escolademusicsijpc\/wp-content\/uploads\/usu459\/2018\/06\/35058310_2066703663602781_8733315658495819776_n.jpg\"><\/a><a href=\"http:\/\/agora.xtec.cat\/escolademusicsijpc\/wp-content\/uploads\/usu459\/2018\/06\/34963614_2066703603602787_2226235107482533888_n.jpg\"><\/a> <a href=\"http:\/\/agora.xtec.cat\/escolademusicsijpc\/wp-content\/uploads\/usu459\/2018\/06\/35070779_2066703553602792_4603309736983527424_n.jpg\"><\/a> <a href=\"http:\/\/agora.xtec.cat\/escolademusicsijpc\/wp-content\/uploads\/usu459\/2018\/06\/35026556_2066703693602778_6841238687498371072_n.jpg\"><\/a><a href=\"http:\/\/agora.xtec.cat\/escolademusicsijpc\/wp-content\/uploads\/usu459\/2018\/06\/35114624_2066703576936123_2848843110128025600_n.jpg\"><\/a><\/p>\n","protected":false},"author":3,"featured_media":6872,"comment_status":"open","ping_status":"closed","sticky":false,"template":"","format":"standard","meta":{"_bbp_topic_count":0,"_bbp_reply_count":0,"_bbp_total_topic_count":0,"_bbp_total_reply_count":0,"_bbp_voice_count":0,"_bbp_anonymous_reply_count":0,"_bbp_topic_count_hidden":0,"_bbp_reply_count_hidden":0,"_bbp_forum_subforum_count":0,"footnotes":""},"categories":[63,66,104],"tags":[],"class_list":["post-6867","post","type-post","status-publish","format-standard","has-post-thumbnail","hentry","category-concerts","category-corals","category-uncategorized"],"post_mailing_queue_ids":[],"_links":{"self":[{"href":"https:\/\/agora.xtec.cat\/escolademusicsijpc\/wp-json\/wp\/v2\/posts\/6867","targetHints":{"allow":["GET"]}}],"collection":[{"href":"https:\/\/agora.xtec.cat\/escolademusicsijpc\/wp-json\/wp\/v2\/posts"}],"about":[{"href":"https:\/\/agora.xtec.cat\/escolademusicsijpc\/wp-json\/wp\/v2\/types\/post"}],"author":[{"embeddable":true,"href":"https:\/\/agora.xtec.cat\/escolademusicsijpc\/wp-json\/wp\/v2\/users\/3"}],"replies":[{"embeddable":true,"href":"https:\/\/agora.xtec.cat\/escolademusicsijpc\/wp-json\/wp\/v2\/comments?post=6867"}],"version-history":[{"count":4,"href":"https:\/\/agora.xtec.cat\/escolademusicsijpc\/wp-json\/wp\/v2\/posts\/6867\/revisions"}],"predecessor-version":[{"id":6876,"href":"https:\/\/agora.xtec.cat\/escolademusicsijpc\/wp-json\/wp\/v2\/posts\/6867\/revisions\/6876"}],"wp:featuredmedia":[{"embeddable":true,"href":"https:\/\/agora.xtec.cat\/escolademusicsijpc\/wp-json\/wp\/v2\/media\/6872"}],"wp:attachment":[{"href":"https:\/\/agora.xtec.cat\/escolademusicsijpc\/wp-json\/wp\/v2\/media?parent=6867"}],"wp:term":[{"taxonomy":"category","embeddable":true,"href":"https:\/\/agora.xtec.cat\/escolademusicsijpc\/wp-json\/wp\/v2\/categories?post=6867"},{"taxonomy":"post_tag","embeddable":true,"href":"https:\/\/agora.xtec.cat\/escolademusicsijpc\/wp-json\/wp\/v2\/tags?post=6867"}],"curies":[{"name":"wp","href":"https:\/\/api.w.org\/{rel}","templated":true}]}}