{"id":6804,"date":"2018-05-31T14:23:33","date_gmt":"2018-05-31T12:23:33","guid":{"rendered":"http:\/\/agora.xtec.cat\/escolademusicsijpc\/?p=6804"},"modified":"2018-05-31T14:23:33","modified_gmt":"2018-05-31T12:23:33","slug":"taller-de-teatre-musical","status":"publish","type":"post","link":"https:\/\/agora.xtec.cat\/escolademusicsijpc\/general\/taller-de-teatre-musical\/","title":{"rendered":"Taller de teatre musical"},"content":{"rendered":"<p><a href=\"http:\/\/agora.xtec.cat\/escolademusicsijpc\/wp-content\/uploads\/usu459\/2018\/05\/el-petit-princep.gif\"><img loading=\"lazy\" decoding=\"async\" class=\"alignright size-medium wp-image-6805\" src=\"http:\/\/agora.xtec.cat\/escolademusicsijpc\/wp-content\/uploads\/usu459\/2018\/05\/el-petit-princep-223x300.gif\" alt=\"\" width=\"223\" height=\"300\" \/><\/a>La setmana del 9 al 13 de juliol es portar\u00e0 a terme un taller de teatre musical per a nens i nenes de 8 a 13 anys.<\/p>\n<p>Partint d\u2019una adaptaci\u00f3 del musical d\u2019\u00a0<em>El Petit Pr\u00edncep<\/em>, amb m\u00fasica de Manu Guix, es treballaran els diferents aspectes que conformen un musical com el text, la can\u00e7\u00f3, la coreografia, la escenografia i atrezzo, i acabarem amb una funci\u00f3 final amb m\u00fasica en directe.<\/p>\n<ul>\n<li>Horari: de 10:00 a 14:00h amb la possibilitat de fer l\u2019acollida dels nens a les 9:00h<\/li>\n<li>Lloc: C\/ Riera Alta 43.<\/li>\n<li>Preu: 100 euros<\/li>\n<\/ul>\n<p>Per a m\u00e9s informaci\u00f3, dirigiu-vos a Secretaria de l\u2019Escola de M\u00fasics i JPC<\/p>\n","protected":false},"excerpt":{"rendered":"<p><a href=\"http:\/\/agora.xtec.cat\/escolademusicsijpc\/wp-content\/uploads\/usu459\/2018\/05\/el-petit-princep.gif\"><\/a>La setmana del 9 al 13 de juliol es portar\u00e0 a terme un taller de teatre musical per a nens i nenes de 8 a 13 anys.<br \/>\nPartint d\u2019una adaptaci\u00f3 del musical d\u2019\u00a0El Petit Pr\u00edncep, amb m\u00fasica de Manu Guix, es treballaran els diferents aspectes&hellip;  <a href=\"https:\/\/agora.xtec.cat\/escolademusicsijpc\/general\/taller-de-teatre-musical\/\" title=\"Read Taller de teatre musical\">Llegeix m\u00e9s\u00bb<\/a><\/p>\n","protected":false},"author":3,"featured_media":6805,"comment_status":"open","ping_status":"closed","sticky":false,"template":"","format":"standard","meta":{"_bbp_topic_count":0,"_bbp_reply_count":0,"_bbp_total_topic_count":0,"_bbp_total_reply_count":0,"_bbp_voice_count":0,"_bbp_anonymous_reply_count":0,"_bbp_topic_count_hidden":0,"_bbp_reply_count_hidden":0,"_bbp_forum_subforum_count":0,"footnotes":""},"categories":[1,69,104],"tags":[],"class_list":["post-6804","post","type-post","status-publish","format-standard","has-post-thumbnail","hentry","category-general","category-master-classes","category-uncategorized"],"post_mailing_queue_ids":[],"_links":{"self":[{"href":"https:\/\/agora.xtec.cat\/escolademusicsijpc\/wp-json\/wp\/v2\/posts\/6804","targetHints":{"allow":["GET"]}}],"collection":[{"href":"https:\/\/agora.xtec.cat\/escolademusicsijpc\/wp-json\/wp\/v2\/posts"}],"about":[{"href":"https:\/\/agora.xtec.cat\/escolademusicsijpc\/wp-json\/wp\/v2\/types\/post"}],"author":[{"embeddable":true,"href":"https:\/\/agora.xtec.cat\/escolademusicsijpc\/wp-json\/wp\/v2\/users\/3"}],"replies":[{"embeddable":true,"href":"https:\/\/agora.xtec.cat\/escolademusicsijpc\/wp-json\/wp\/v2\/comments?post=6804"}],"version-history":[{"count":1,"href":"https:\/\/agora.xtec.cat\/escolademusicsijpc\/wp-json\/wp\/v2\/posts\/6804\/revisions"}],"predecessor-version":[{"id":6806,"href":"https:\/\/agora.xtec.cat\/escolademusicsijpc\/wp-json\/wp\/v2\/posts\/6804\/revisions\/6806"}],"wp:featuredmedia":[{"embeddable":true,"href":"https:\/\/agora.xtec.cat\/escolademusicsijpc\/wp-json\/wp\/v2\/media\/6805"}],"wp:attachment":[{"href":"https:\/\/agora.xtec.cat\/escolademusicsijpc\/wp-json\/wp\/v2\/media?parent=6804"}],"wp:term":[{"taxonomy":"category","embeddable":true,"href":"https:\/\/agora.xtec.cat\/escolademusicsijpc\/wp-json\/wp\/v2\/categories?post=6804"},{"taxonomy":"post_tag","embeddable":true,"href":"https:\/\/agora.xtec.cat\/escolademusicsijpc\/wp-json\/wp\/v2\/tags?post=6804"}],"curies":[{"name":"wp","href":"https:\/\/api.w.org\/{rel}","templated":true}]}}