{"id":6787,"date":"2018-05-18T20:06:06","date_gmt":"2018-05-18T18:06:06","guid":{"rendered":"http:\/\/agora.xtec.cat\/escolademusicsijpc\/?p=6787"},"modified":"2018-05-18T20:06:06","modified_gmt":"2018-05-18T18:06:06","slug":"concert-dalumnes-dharmonia","status":"publish","type":"post","link":"https:\/\/agora.xtec.cat\/escolademusicsijpc\/general\/concert-dalumnes-dharmonia\/","title":{"rendered":"Concert d&#8217;Alumnes d&#8217;Harmonia"},"content":{"rendered":"<p><a href=\"http:\/\/agora.xtec.cat\/escolademusicsijpc\/wp-content\/uploads\/usu459\/2018\/05\/harmonia.gif\"><img loading=\"lazy\" decoding=\"async\" class=\"alignright wp-image-6788 size-medium\" src=\"http:\/\/agora.xtec.cat\/escolademusicsijpc\/wp-content\/uploads\/usu459\/2018\/05\/harmonia-212x300.gif\" alt=\"\" width=\"212\" height=\"300\" \/><\/a>El\u00a0pr\u00f2xim 26\u00a0de maig els alumnes\u00a0d&#8217;harmonia\u00a0cl\u00e0ssica i moderna de l&#8217;escola de m\u00fasics realitzaran un concert on podrem escoltar les composicions originals que han fet per diferents curtmetratges d&#8217;animaci\u00f3. \u00c9s una bona oportunitat per descobrir el talent creatiu dels nostres alumnes aix\u00ed com l&#8217;aproximaci\u00f3 al llenguatge audiovisual.<\/p>\n<ul>\n<li>Dissabte 26 de maig a les 10<\/li>\n<li>C\/ Riera Alta 10<\/li>\n<li>Entrada gratu\u00efta<\/li>\n<\/ul>\n","protected":false},"excerpt":{"rendered":"<p><a href=\"http:\/\/agora.xtec.cat\/escolademusicsijpc\/wp-content\/uploads\/usu459\/2018\/05\/harmonia.gif\"><\/a>El\u00a0pr\u00f2xim 26\u00a0de maig els alumnes\u00a0d&#8217;harmonia\u00a0cl\u00e0ssica i moderna de l&#8217;escola de m\u00fasics realitzaran un concert on podrem escoltar les composicions originals que han fet per diferents curtmetratges d&#8217;animaci\u00f3. \u00c9s una bona oportunitat per descobrir el talent creatiu dels nostres alumnes aix\u00ed com l&#8217;aproximaci\u00f3 al llenguatge&hellip;  <a href=\"https:\/\/agora.xtec.cat\/escolademusicsijpc\/general\/concert-dalumnes-dharmonia\/\" title=\"Read Concert d&#8217;Alumnes d&#8217;Harmonia\">Llegeix m\u00e9s\u00bb<\/a><\/p>\n","protected":false},"author":3,"featured_media":6788,"comment_status":"open","ping_status":"closed","sticky":false,"template":"","format":"standard","meta":{"_bbp_topic_count":0,"_bbp_reply_count":0,"_bbp_total_topic_count":0,"_bbp_total_reply_count":0,"_bbp_voice_count":0,"_bbp_anonymous_reply_count":0,"_bbp_topic_count_hidden":0,"_bbp_reply_count_hidden":0,"_bbp_forum_subforum_count":0,"footnotes":""},"categories":[63,1,104],"tags":[],"class_list":["post-6787","post","type-post","status-publish","format-standard","has-post-thumbnail","hentry","category-concerts","category-general","category-uncategorized"],"post_mailing_queue_ids":[],"_links":{"self":[{"href":"https:\/\/agora.xtec.cat\/escolademusicsijpc\/wp-json\/wp\/v2\/posts\/6787","targetHints":{"allow":["GET"]}}],"collection":[{"href":"https:\/\/agora.xtec.cat\/escolademusicsijpc\/wp-json\/wp\/v2\/posts"}],"about":[{"href":"https:\/\/agora.xtec.cat\/escolademusicsijpc\/wp-json\/wp\/v2\/types\/post"}],"author":[{"embeddable":true,"href":"https:\/\/agora.xtec.cat\/escolademusicsijpc\/wp-json\/wp\/v2\/users\/3"}],"replies":[{"embeddable":true,"href":"https:\/\/agora.xtec.cat\/escolademusicsijpc\/wp-json\/wp\/v2\/comments?post=6787"}],"version-history":[{"count":1,"href":"https:\/\/agora.xtec.cat\/escolademusicsijpc\/wp-json\/wp\/v2\/posts\/6787\/revisions"}],"predecessor-version":[{"id":6789,"href":"https:\/\/agora.xtec.cat\/escolademusicsijpc\/wp-json\/wp\/v2\/posts\/6787\/revisions\/6789"}],"wp:featuredmedia":[{"embeddable":true,"href":"https:\/\/agora.xtec.cat\/escolademusicsijpc\/wp-json\/wp\/v2\/media\/6788"}],"wp:attachment":[{"href":"https:\/\/agora.xtec.cat\/escolademusicsijpc\/wp-json\/wp\/v2\/media?parent=6787"}],"wp:term":[{"taxonomy":"category","embeddable":true,"href":"https:\/\/agora.xtec.cat\/escolademusicsijpc\/wp-json\/wp\/v2\/categories?post=6787"},{"taxonomy":"post_tag","embeddable":true,"href":"https:\/\/agora.xtec.cat\/escolademusicsijpc\/wp-json\/wp\/v2\/tags?post=6787"}],"curies":[{"name":"wp","href":"https:\/\/api.w.org\/{rel}","templated":true}]}}