{"id":6784,"date":"2018-05-18T15:57:19","date_gmt":"2018-05-18T13:57:19","guid":{"rendered":"http:\/\/agora.xtec.cat\/escolademusicsijpc\/?p=6784"},"modified":"2018-05-18T15:58:36","modified_gmt":"2018-05-18T13:58:36","slug":"concert-dalumnes-2","status":"publish","type":"post","link":"https:\/\/agora.xtec.cat\/escolademusicsijpc\/general\/concert-dalumnes-2\/","title":{"rendered":"Concert d\u2019alumnes"},"content":{"rendered":"<p><a href=\"http:\/\/agora.xtec.cat\/escolademusicsijpc\/wp-content\/uploads\/usu459\/2018\/05\/chopin.gif\"><img loading=\"lazy\" decoding=\"async\" class=\"alignright wp-image-6785 size-medium\" src=\"http:\/\/agora.xtec.cat\/escolademusicsijpc\/wp-content\/uploads\/usu459\/2018\/05\/chopin-212x300.gif\" alt=\"\" width=\"212\" height=\"300\" \/><\/a>Els nostres alumnes de piano m\u00e9s novells ens oferiran un fabul\u00f3s concert en el Centre Sant Pere Ap\u00f2stol<\/p>\n<ul>\n<li>H\u00e9ctor P\u00e9rez<\/li>\n<li>Eduard Velasco<\/li>\n<li>Estela Bercedo<\/li>\n<li>Mariona Valls<\/li>\n<li>Ada Gomar<\/li>\n<li>Adri\u00e0 Garc\u00eda<\/li>\n<\/ul>\n<p>Dilluns 28 de maig a les 20h<\/p>\n<p>Centre de Sant Pere Ap\u00f2stol<\/p>\n<p>C\/Sant Pere m\u00e9s alt, 25<\/p>\n<p>Entrada gratu\u00efta<\/p>\n","protected":false},"excerpt":{"rendered":"<p><a href=\"http:\/\/agora.xtec.cat\/escolademusicsijpc\/wp-content\/uploads\/usu459\/2018\/05\/chopin.gif\"><\/a>Els nostres alumnes de piano m\u00e9s novells ens oferiran un fabul\u00f3s concert en el Centre Sant Pere Ap\u00f2stol<\/p>\n<ul>\n<li>H\u00e9ctor P\u00e9rez<\/li>\n<li>Eduard Velasco<\/li>\n<li>Estela Bercedo<\/li>\n<li>Mariona Valls<\/li>\n<li>Ada Gomar<\/li>\n<li>Adri\u00e0 Garc\u00eda<\/li>\n<\/ul>\n<p>Dilluns 28 de maig a les 20h<br \/>\nCentre de Sant Pere Ap\u00f2stol<br \/>\nC\/Sant Pere m\u00e9s alt, 25<br \/>\nEntrada gratu\u00efta<\/p>\n","protected":false},"author":3,"featured_media":6785,"comment_status":"open","ping_status":"closed","sticky":false,"template":"","format":"standard","meta":{"_bbp_topic_count":0,"_bbp_reply_count":0,"_bbp_total_topic_count":0,"_bbp_total_reply_count":0,"_bbp_voice_count":0,"_bbp_anonymous_reply_count":0,"_bbp_topic_count_hidden":0,"_bbp_reply_count_hidden":0,"_bbp_forum_subforum_count":0,"footnotes":""},"categories":[63,1,104],"tags":[],"class_list":["post-6784","post","type-post","status-publish","format-standard","has-post-thumbnail","hentry","category-concerts","category-general","category-uncategorized"],"post_mailing_queue_ids":[],"_links":{"self":[{"href":"https:\/\/agora.xtec.cat\/escolademusicsijpc\/wp-json\/wp\/v2\/posts\/6784","targetHints":{"allow":["GET"]}}],"collection":[{"href":"https:\/\/agora.xtec.cat\/escolademusicsijpc\/wp-json\/wp\/v2\/posts"}],"about":[{"href":"https:\/\/agora.xtec.cat\/escolademusicsijpc\/wp-json\/wp\/v2\/types\/post"}],"author":[{"embeddable":true,"href":"https:\/\/agora.xtec.cat\/escolademusicsijpc\/wp-json\/wp\/v2\/users\/3"}],"replies":[{"embeddable":true,"href":"https:\/\/agora.xtec.cat\/escolademusicsijpc\/wp-json\/wp\/v2\/comments?post=6784"}],"version-history":[{"count":1,"href":"https:\/\/agora.xtec.cat\/escolademusicsijpc\/wp-json\/wp\/v2\/posts\/6784\/revisions"}],"predecessor-version":[{"id":6786,"href":"https:\/\/agora.xtec.cat\/escolademusicsijpc\/wp-json\/wp\/v2\/posts\/6784\/revisions\/6786"}],"wp:featuredmedia":[{"embeddable":true,"href":"https:\/\/agora.xtec.cat\/escolademusicsijpc\/wp-json\/wp\/v2\/media\/6785"}],"wp:attachment":[{"href":"https:\/\/agora.xtec.cat\/escolademusicsijpc\/wp-json\/wp\/v2\/media?parent=6784"}],"wp:term":[{"taxonomy":"category","embeddable":true,"href":"https:\/\/agora.xtec.cat\/escolademusicsijpc\/wp-json\/wp\/v2\/categories?post=6784"},{"taxonomy":"post_tag","embeddable":true,"href":"https:\/\/agora.xtec.cat\/escolademusicsijpc\/wp-json\/wp\/v2\/tags?post=6784"}],"curies":[{"name":"wp","href":"https:\/\/api.w.org\/{rel}","templated":true}]}}