{"id":6716,"date":"2018-04-30T19:36:43","date_gmt":"2018-04-30T17:36:43","guid":{"rendered":"http:\/\/agora.xtec.cat\/escolademusicsijpc\/?p=6716"},"modified":"2018-05-02T16:29:24","modified_gmt":"2018-05-02T14:29:24","slug":"concert-dalumnes","status":"publish","type":"post","link":"https:\/\/agora.xtec.cat\/escolademusicsijpc\/general\/concert-dalumnes\/","title":{"rendered":"Concert d&#8217;alumnes"},"content":{"rendered":"<p><a href=\"http:\/\/agora.xtec.cat\/escolademusicsijpc\/wp-content\/uploads\/usu459\/2018\/04\/alumnes.gif\"><img loading=\"lazy\" decoding=\"async\" class=\"alignright wp-image-6727 size-medium\" src=\"http:\/\/agora.xtec.cat\/escolademusicsijpc\/wp-content\/uploads\/usu459\/2018\/04\/alumnes-212x300.gif\" alt=\"\" width=\"212\" height=\"300\" \/><\/a>Ens fa molta il.lusi\u00f3 compartir amb tota l\u2019escola el concert d\u2019alumnes de cada any al Centre Sant Pere Ap\u00f2stol. Aquest cop amb els alumnes Laia Farr\u00e8s Violoncel, Judith Roca Piano i Isaac Tardido Piano i la col.laboraci\u00f3 d&#8217;Aina Roca Clarinet.<\/p>\n<ul>\n<li>Dilluns 7 de maig de 2018<\/li>\n<li>A les 20 hores<\/li>\n<li>Auditori Cullell i Fabra<\/li>\n<li>Centre Sant Pere Ap\u00f2stol<\/li>\n<li>C\/Sant Pere m\u00e9s Alt, 25<\/li>\n<li>Entrada gratu\u00efta<\/li>\n<\/ul>\n","protected":false},"excerpt":{"rendered":"<p><a href=\"http:\/\/agora.xtec.cat\/escolademusicsijpc\/wp-content\/uploads\/usu459\/2018\/04\/alumnes.gif\"><\/a>Ens fa molta il.lusi\u00f3 compartir amb tota l\u2019escola el concert d\u2019alumnes de cada any al Centre Sant Pere Ap\u00f2stol. Aquest cop amb els alumnes Laia Farr\u00e8s Violoncel, Judith Roca Piano i Isaac Tardido Piano i la col.laboraci\u00f3 d&#8217;Aina Roca Clarinet.<\/p>\n<ul>\n<li>Dilluns 7 de maig de&hellip;  <a href=\"https:\/\/agora.xtec.cat\/escolademusicsijpc\/general\/concert-dalumnes\/\" title=\"Read Concert d&#8217;alumnes\">Llegeix m\u00e9s\u00bb<\/a><br \/>\n","protected":false},"author":3,"featured_media":6727,"comment_status":"open","ping_status":"closed","sticky":false,"template":"","format":"standard","meta":{"_bbp_topic_count":0,"_bbp_reply_count":0,"_bbp_total_topic_count":0,"_bbp_total_reply_count":0,"_bbp_voice_count":0,"_bbp_anonymous_reply_count":0,"_bbp_topic_count_hidden":0,"_bbp_reply_count_hidden":0,"_bbp_forum_subforum_count":0,"footnotes":""},"categories":[63,1,104],"tags":[],"class_list":["post-6716","post","type-post","status-publish","format-standard","has-post-thumbnail","hentry","category-concerts","category-general","category-uncategorized"],"post_mailing_queue_ids":[],"_links":{"self":[{"href":"https:\/\/agora.xtec.cat\/escolademusicsijpc\/wp-json\/wp\/v2\/posts\/6716","targetHints":{"allow":["GET"]}}],"collection":[{"href":"https:\/\/agora.xtec.cat\/escolademusicsijpc\/wp-json\/wp\/v2\/posts"}],"about":[{"href":"https:\/\/agora.xtec.cat\/escolademusicsijpc\/wp-json\/wp\/v2\/types\/post"}],"author":[{"embeddable":true,"href":"https:\/\/agora.xtec.cat\/escolademusicsijpc\/wp-json\/wp\/v2\/users\/3"}],"replies":[{"embeddable":true,"href":"https:\/\/agora.xtec.cat\/escolademusicsijpc\/wp-json\/wp\/v2\/comments?post=6716"}],"version-history":[{"count":4,"href":"https:\/\/agora.xtec.cat\/escolademusicsijpc\/wp-json\/wp\/v2\/posts\/6716\/revisions"}],"predecessor-version":[{"id":6719,"href":"https:\/\/agora.xtec.cat\/escolademusicsijpc\/wp-json\/wp\/v2\/posts\/6716\/revisions\/6719"}],"wp:featuredmedia":[{"embeddable":true,"href":"https:\/\/agora.xtec.cat\/escolademusicsijpc\/wp-json\/wp\/v2\/media\/6727"}],"wp:attachment":[{"href":"https:\/\/agora.xtec.cat\/escolademusicsijpc\/wp-json\/wp\/v2\/media?parent=6716"}],"wp:term":[{"taxonomy":"category","embeddable":true,"href":"https:\/\/agora.xtec.cat\/escolademusicsijpc\/wp-json\/wp\/v2\/categories?post=6716"},{"taxonomy":"post_tag","embeddable":true,"href":"https:\/\/agora.xtec.cat\/escolademusicsijpc\/wp-json\/wp\/v2\/tags?post=6716"}],"curies":[{"name":"wp","href":"https:\/\/api.w.org\/{rel}","templated":true}]}}