{"id":6681,"date":"2018-04-23T19:28:41","date_gmt":"2018-04-23T17:28:41","guid":{"rendered":"http:\/\/agora.xtec.cat\/escolademusicsijpc\/?p=6681"},"modified":"2018-04-24T15:48:38","modified_gmt":"2018-04-24T13:48:38","slug":"ravals-band-a-la-festa-de-la-primavera","status":"publish","type":"post","link":"https:\/\/agora.xtec.cat\/escolademusicsijpc\/general\/ravals-band-a-la-festa-de-la-primavera\/","title":{"rendered":"Raval&#8217;s Band a la festa de la primavera"},"content":{"rendered":"<p>Comencem la setmana compartint unes imatges de la Raval&#8217;s Band amb el seu director\u00a0<a class=\"profileLink\" href=\"https:\/\/www.facebook.com\/bartolome.garciaplatagirones?fref=mentions\">Bartolom\u00e9 Garc\u00eda-Plata Giron\u00e9s<\/a>\u00a0a la festa de la primavera de l&#8217;\u00a0<a class=\"profileLink\" href=\"https:\/\/www.facebook.com\/escolapiasantantoni\/?fref=mentions\">Escola Pia Sant Antoni<\/a>.\u00a0<a class=\"_58cn\" href=\"https:\/\/www.facebook.com\/hashtag\/somm%C3%BAsica?source=feed_text\"><span class=\"_5afx\"><span class=\"_58cl _5afz\">#<\/span><span class=\"_58cm\">SomM\u00fasica<\/span><\/span><\/a>\u00a0<a class=\"_58cn\" href=\"https:\/\/www.facebook.com\/hashtag\/lem25?source=feed_text\"><span class=\"_5afx\"><span class=\"_58cl _5afz\">#<\/span><span class=\"_58cm\">LEM25<\/span><\/span><\/a>\u00a0<a class=\"_58cn\" href=\"https:\/\/www.facebook.com\/hashtag\/barcelona?source=feed_text\"><span class=\"_5afx\"><span class=\"_58cl _5afz\">#<\/span><span class=\"_58cm\">Barcelona<\/span><\/span><\/a>\u00a0<a class=\"_58cn\" href=\"https:\/\/www.facebook.com\/hashtag\/raval?source=feed_text\"><span class=\"_5afx\"><span class=\"_58cl _5afz\">#<\/span><span class=\"_58cm\">Raval<\/span><\/span><\/a><\/p>\n<p><a href=\"http:\/\/agora.xtec.cat\/escolademusicsijpc\/wp-content\/uploads\/usu459\/2018\/04\/31282792_2042908412648973_7933492967300399104_n.jpg\"><img loading=\"lazy\" decoding=\"async\" class=\"alignleft wp-image-6696 size-medium\" src=\"http:\/\/agora.xtec.cat\/escolademusicsijpc\/wp-content\/uploads\/usu459\/2018\/04\/31282792_2042908412648973_7933492967300399104_n-300x206.jpg\" alt=\"\" width=\"300\" height=\"206\" srcset=\"https:\/\/agora.xtec.cat\/escolademusicsijpc\/wp-content\/uploads\/usu459\/2018\/04\/31282792_2042908412648973_7933492967300399104_n-300x206.jpg 300w, https:\/\/agora.xtec.cat\/escolademusicsijpc\/wp-content\/uploads\/usu459\/2018\/04\/31282792_2042908412648973_7933492967300399104_n-768x528.jpg 768w, https:\/\/agora.xtec.cat\/escolademusicsijpc\/wp-content\/uploads\/usu459\/2018\/04\/31282792_2042908412648973_7933492967300399104_n.jpg 960w\" sizes=\"auto, (max-width: 300px) 100vw, 300px\" \/><\/a> <a href=\"http:\/\/agora.xtec.cat\/escolademusicsijpc\/wp-content\/uploads\/usu459\/2018\/04\/31171538_2042908619315619_4035105144478629888_n.jpg\"><img loading=\"lazy\" decoding=\"async\" class=\"alignleft wp-image-6695 size-medium\" src=\"http:\/\/agora.xtec.cat\/escolademusicsijpc\/wp-content\/uploads\/usu459\/2018\/04\/31171538_2042908619315619_4035105144478629888_n-300x206.jpg\" alt=\"\" width=\"300\" height=\"206\" srcset=\"https:\/\/agora.xtec.cat\/escolademusicsijpc\/wp-content\/uploads\/usu459\/2018\/04\/31171538_2042908619315619_4035105144478629888_n-300x206.jpg 300w, https:\/\/agora.xtec.cat\/escolademusicsijpc\/wp-content\/uploads\/usu459\/2018\/04\/31171538_2042908619315619_4035105144478629888_n-768x528.jpg 768w, https:\/\/agora.xtec.cat\/escolademusicsijpc\/wp-content\/uploads\/usu459\/2018\/04\/31171538_2042908619315619_4035105144478629888_n.jpg 960w\" sizes=\"auto, (max-width: 300px) 100vw, 300px\" \/><\/a> <a href=\"http:\/\/agora.xtec.cat\/escolademusicsijpc\/wp-content\/uploads\/usu459\/2018\/04\/31150303_2042908495982298_4969400216579997696_n.jpg\"><img loading=\"lazy\" decoding=\"async\" class=\"alignleft wp-image-6693 size-medium\" src=\"http:\/\/agora.xtec.cat\/escolademusicsijpc\/wp-content\/uploads\/usu459\/2018\/04\/31150303_2042908495982298_4969400216579997696_n-300x206.jpg\" alt=\"\" width=\"300\" height=\"206\" srcset=\"https:\/\/agora.xtec.cat\/escolademusicsijpc\/wp-content\/uploads\/usu459\/2018\/04\/31150303_2042908495982298_4969400216579997696_n-300x206.jpg 300w, https:\/\/agora.xtec.cat\/escolademusicsijpc\/wp-content\/uploads\/usu459\/2018\/04\/31150303_2042908495982298_4969400216579997696_n-768x528.jpg 768w, https:\/\/agora.xtec.cat\/escolademusicsijpc\/wp-content\/uploads\/usu459\/2018\/04\/31150303_2042908495982298_4969400216579997696_n.jpg 960w\" sizes=\"auto, (max-width: 300px) 100vw, 300px\" \/><\/a><a href=\"http:\/\/agora.xtec.cat\/escolademusicsijpc\/wp-content\/uploads\/usu459\/2018\/04\/31163413_2042908532648961_8634008511304433664_n.jpg\"><img loading=\"lazy\" decoding=\"async\" class=\"wp-image-6694 size-medium alignleft\" src=\"http:\/\/agora.xtec.cat\/escolademusicsijpc\/wp-content\/uploads\/usu459\/2018\/04\/31163413_2042908532648961_8634008511304433664_n-300x206.jpg\" alt=\"\" width=\"300\" height=\"206\" srcset=\"https:\/\/agora.xtec.cat\/escolademusicsijpc\/wp-content\/uploads\/usu459\/2018\/04\/31163413_2042908532648961_8634008511304433664_n-300x206.jpg 300w, https:\/\/agora.xtec.cat\/escolademusicsijpc\/wp-content\/uploads\/usu459\/2018\/04\/31163413_2042908532648961_8634008511304433664_n-768x528.jpg 768w, https:\/\/agora.xtec.cat\/escolademusicsijpc\/wp-content\/uploads\/usu459\/2018\/04\/31163413_2042908532648961_8634008511304433664_n.jpg 960w\" sizes=\"auto, (max-width: 300px) 100vw, 300px\" \/><\/a><a href=\"http:\/\/agora.xtec.cat\/escolademusicsijpc\/wp-content\/uploads\/usu459\/2018\/04\/31143908_2042908642648950_4759379167663882240_n.jpg\"><img loading=\"lazy\" decoding=\"async\" class=\"alignleft wp-image-6691 size-medium\" src=\"http:\/\/agora.xtec.cat\/escolademusicsijpc\/wp-content\/uploads\/usu459\/2018\/04\/31143908_2042908642648950_4759379167663882240_n-300x206.jpg\" alt=\"\" width=\"300\" height=\"206\" srcset=\"https:\/\/agora.xtec.cat\/escolademusicsijpc\/wp-content\/uploads\/usu459\/2018\/04\/31143908_2042908642648950_4759379167663882240_n-300x206.jpg 300w, https:\/\/agora.xtec.cat\/escolademusicsijpc\/wp-content\/uploads\/usu459\/2018\/04\/31143908_2042908642648950_4759379167663882240_n-768x528.jpg 768w, https:\/\/agora.xtec.cat\/escolademusicsijpc\/wp-content\/uploads\/usu459\/2018\/04\/31143908_2042908642648950_4759379167663882240_n.jpg 960w\" sizes=\"auto, (max-width: 300px) 100vw, 300px\" \/><\/a><a href=\"http:\/\/agora.xtec.cat\/escolademusicsijpc\/wp-content\/uploads\/usu459\/2018\/04\/31144032_2042908755982272_3179259745982742528_n.jpg\"><img loading=\"lazy\" decoding=\"async\" class=\"alignleft wp-image-6692 size-medium\" src=\"http:\/\/agora.xtec.cat\/escolademusicsijpc\/wp-content\/uploads\/usu459\/2018\/04\/31144032_2042908755982272_3179259745982742528_n-300x206.jpg\" alt=\"\" width=\"300\" height=\"206\" srcset=\"https:\/\/agora.xtec.cat\/escolademusicsijpc\/wp-content\/uploads\/usu459\/2018\/04\/31144032_2042908755982272_3179259745982742528_n-300x206.jpg 300w, https:\/\/agora.xtec.cat\/escolademusicsijpc\/wp-content\/uploads\/usu459\/2018\/04\/31144032_2042908755982272_3179259745982742528_n-768x528.jpg 768w, https:\/\/agora.xtec.cat\/escolademusicsijpc\/wp-content\/uploads\/usu459\/2018\/04\/31144032_2042908755982272_3179259745982742528_n.jpg 960w\" sizes=\"auto, (max-width: 300px) 100vw, 300px\" \/><\/a> <a href=\"http:\/\/agora.xtec.cat\/escolademusicsijpc\/wp-content\/uploads\/usu459\/2018\/04\/31131170_2042908289315652_7938417714240946176_n.jpg\"><img loading=\"lazy\" decoding=\"async\" class=\"alignleft wp-image-6689 size-medium\" src=\"http:\/\/agora.xtec.cat\/escolademusicsijpc\/wp-content\/uploads\/usu459\/2018\/04\/31131170_2042908289315652_7938417714240946176_n-300x206.jpg\" alt=\"\" width=\"300\" height=\"206\" srcset=\"https:\/\/agora.xtec.cat\/escolademusicsijpc\/wp-content\/uploads\/usu459\/2018\/04\/31131170_2042908289315652_7938417714240946176_n-300x206.jpg 300w, https:\/\/agora.xtec.cat\/escolademusicsijpc\/wp-content\/uploads\/usu459\/2018\/04\/31131170_2042908289315652_7938417714240946176_n-768x528.jpg 768w, https:\/\/agora.xtec.cat\/escolademusicsijpc\/wp-content\/uploads\/usu459\/2018\/04\/31131170_2042908289315652_7938417714240946176_n.jpg 960w\" sizes=\"auto, (max-width: 300px) 100vw, 300px\" \/><\/a><a href=\"http:\/\/agora.xtec.cat\/escolademusicsijpc\/wp-content\/uploads\/usu459\/2018\/04\/31138884_2042908285982319_3375746695819165696_n.jpg\"><img loading=\"lazy\" decoding=\"async\" class=\"alignleft wp-image-6690 size-medium\" src=\"http:\/\/agora.xtec.cat\/escolademusicsijpc\/wp-content\/uploads\/usu459\/2018\/04\/31138884_2042908285982319_3375746695819165696_n-300x206.jpg\" alt=\"\" width=\"300\" height=\"206\" srcset=\"https:\/\/agora.xtec.cat\/escolademusicsijpc\/wp-content\/uploads\/usu459\/2018\/04\/31138884_2042908285982319_3375746695819165696_n-300x206.jpg 300w, https:\/\/agora.xtec.cat\/escolademusicsijpc\/wp-content\/uploads\/usu459\/2018\/04\/31138884_2042908285982319_3375746695819165696_n-768x528.jpg 768w, https:\/\/agora.xtec.cat\/escolademusicsijpc\/wp-content\/uploads\/usu459\/2018\/04\/31138884_2042908285982319_3375746695819165696_n.jpg 960w\" sizes=\"auto, (max-width: 300px) 100vw, 300px\" \/><\/a> <a href=\"http:\/\/agora.xtec.cat\/escolademusicsijpc\/wp-content\/uploads\/usu459\/2018\/04\/31124499_2042908742648940_7356777647990374400_n.jpg\"><img loading=\"lazy\" decoding=\"async\" class=\"alignleft wp-image-6687 size-medium\" src=\"http:\/\/agora.xtec.cat\/escolademusicsijpc\/wp-content\/uploads\/usu459\/2018\/04\/31124499_2042908742648940_7356777647990374400_n-300x206.jpg\" alt=\"\" width=\"300\" height=\"206\" srcset=\"https:\/\/agora.xtec.cat\/escolademusicsijpc\/wp-content\/uploads\/usu459\/2018\/04\/31124499_2042908742648940_7356777647990374400_n-300x206.jpg 300w, https:\/\/agora.xtec.cat\/escolademusicsijpc\/wp-content\/uploads\/usu459\/2018\/04\/31124499_2042908742648940_7356777647990374400_n-768x528.jpg 768w, https:\/\/agora.xtec.cat\/escolademusicsijpc\/wp-content\/uploads\/usu459\/2018\/04\/31124499_2042908742648940_7356777647990374400_n.jpg 960w\" sizes=\"auto, (max-width: 300px) 100vw, 300px\" \/><\/a><a href=\"http:\/\/agora.xtec.cat\/escolademusicsijpc\/wp-content\/uploads\/usu459\/2018\/04\/31124796_2042908509315630_2318268542874550272_n.jpg\"><img loading=\"lazy\" decoding=\"async\" class=\"alignleft wp-image-6688 size-medium\" src=\"http:\/\/agora.xtec.cat\/escolademusicsijpc\/wp-content\/uploads\/usu459\/2018\/04\/31124796_2042908509315630_2318268542874550272_n-300x206.jpg\" alt=\"\" width=\"300\" height=\"206\" srcset=\"https:\/\/agora.xtec.cat\/escolademusicsijpc\/wp-content\/uploads\/usu459\/2018\/04\/31124796_2042908509315630_2318268542874550272_n-300x206.jpg 300w, https:\/\/agora.xtec.cat\/escolademusicsijpc\/wp-content\/uploads\/usu459\/2018\/04\/31124796_2042908509315630_2318268542874550272_n-768x528.jpg 768w, https:\/\/agora.xtec.cat\/escolademusicsijpc\/wp-content\/uploads\/usu459\/2018\/04\/31124796_2042908509315630_2318268542874550272_n.jpg 960w\" sizes=\"auto, (max-width: 300px) 100vw, 300px\" \/><\/a> <a href=\"http:\/\/agora.xtec.cat\/escolademusicsijpc\/wp-content\/uploads\/usu459\/2018\/04\/31124308_2042908775982270_7013266240965705728_n.jpg\"><img loading=\"lazy\" decoding=\"async\" class=\"alignleft wp-image-6686 size-medium\" src=\"http:\/\/agora.xtec.cat\/escolademusicsijpc\/wp-content\/uploads\/usu459\/2018\/04\/31124308_2042908775982270_7013266240965705728_n-300x206.jpg\" alt=\"\" width=\"300\" height=\"206\" srcset=\"https:\/\/agora.xtec.cat\/escolademusicsijpc\/wp-content\/uploads\/usu459\/2018\/04\/31124308_2042908775982270_7013266240965705728_n-300x206.jpg 300w, https:\/\/agora.xtec.cat\/escolademusicsijpc\/wp-content\/uploads\/usu459\/2018\/04\/31124308_2042908775982270_7013266240965705728_n-768x528.jpg 768w, https:\/\/agora.xtec.cat\/escolademusicsijpc\/wp-content\/uploads\/usu459\/2018\/04\/31124308_2042908775982270_7013266240965705728_n.jpg 960w\" sizes=\"auto, (max-width: 300px) 100vw, 300px\" \/><\/a> <a href=\"http:\/\/agora.xtec.cat\/escolademusicsijpc\/wp-content\/uploads\/usu459\/2018\/04\/31118031_2042908655982282_4895807068654534656_n.jpg\"><img loading=\"lazy\" decoding=\"async\" class=\"alignleft wp-image-6685 size-medium\" src=\"http:\/\/agora.xtec.cat\/escolademusicsijpc\/wp-content\/uploads\/usu459\/2018\/04\/31118031_2042908655982282_4895807068654534656_n-300x206.jpg\" alt=\"\" width=\"300\" height=\"206\" srcset=\"https:\/\/agora.xtec.cat\/escolademusicsijpc\/wp-content\/uploads\/usu459\/2018\/04\/31118031_2042908655982282_4895807068654534656_n-300x206.jpg 300w, https:\/\/agora.xtec.cat\/escolademusicsijpc\/wp-content\/uploads\/usu459\/2018\/04\/31118031_2042908655982282_4895807068654534656_n-768x528.jpg 768w, https:\/\/agora.xtec.cat\/escolademusicsijpc\/wp-content\/uploads\/usu459\/2018\/04\/31118031_2042908655982282_4895807068654534656_n.jpg 960w\" sizes=\"auto, (max-width: 300px) 100vw, 300px\" \/><\/a><a href=\"http:\/\/agora.xtec.cat\/escolademusicsijpc\/wp-content\/uploads\/usu459\/2018\/04\/31113751_2042908299315651_6123793271471734784_n.jpg\"><img loading=\"lazy\" decoding=\"async\" class=\"alignleft wp-image-6683 size-medium\" src=\"http:\/\/agora.xtec.cat\/escolademusicsijpc\/wp-content\/uploads\/usu459\/2018\/04\/31113751_2042908299315651_6123793271471734784_n-300x206.jpg\" alt=\"\" width=\"300\" height=\"206\" srcset=\"https:\/\/agora.xtec.cat\/escolademusicsijpc\/wp-content\/uploads\/usu459\/2018\/04\/31113751_2042908299315651_6123793271471734784_n-300x206.jpg 300w, https:\/\/agora.xtec.cat\/escolademusicsijpc\/wp-content\/uploads\/usu459\/2018\/04\/31113751_2042908299315651_6123793271471734784_n-768x528.jpg 768w, https:\/\/agora.xtec.cat\/escolademusicsijpc\/wp-content\/uploads\/usu459\/2018\/04\/31113751_2042908299315651_6123793271471734784_n.jpg 960w\" sizes=\"auto, (max-width: 300px) 100vw, 300px\" \/><\/a><a href=\"http:\/\/agora.xtec.cat\/escolademusicsijpc\/wp-content\/uploads\/usu459\/2018\/04\/31116801_2042908422648972_4175952906119282688_n.jpg\"><img loading=\"lazy\" decoding=\"async\" class=\"alignleft wp-image-6684 size-medium\" src=\"http:\/\/agora.xtec.cat\/escolademusicsijpc\/wp-content\/uploads\/usu459\/2018\/04\/31116801_2042908422648972_4175952906119282688_n-300x206.jpg\" alt=\"\" width=\"300\" height=\"206\" srcset=\"https:\/\/agora.xtec.cat\/escolademusicsijpc\/wp-content\/uploads\/usu459\/2018\/04\/31116801_2042908422648972_4175952906119282688_n-300x206.jpg 300w, https:\/\/agora.xtec.cat\/escolademusicsijpc\/wp-content\/uploads\/usu459\/2018\/04\/31116801_2042908422648972_4175952906119282688_n-768x528.jpg 768w, https:\/\/agora.xtec.cat\/escolademusicsijpc\/wp-content\/uploads\/usu459\/2018\/04\/31116801_2042908422648972_4175952906119282688_n.jpg 960w\" sizes=\"auto, (max-width: 300px) 100vw, 300px\" \/><\/a> <a href=\"http:\/\/agora.xtec.cat\/escolademusicsijpc\/wp-content\/uploads\/usu459\/2018\/04\/31052233_2042908399315641_4130449428425211904_n.jpg\"><img loading=\"lazy\" decoding=\"async\" class=\"alignleft wp-image-6682 size-medium\" src=\"http:\/\/agora.xtec.cat\/escolademusicsijpc\/wp-content\/uploads\/usu459\/2018\/04\/31052233_2042908399315641_4130449428425211904_n-300x206.jpg\" alt=\"\" width=\"300\" height=\"206\" srcset=\"https:\/\/agora.xtec.cat\/escolademusicsijpc\/wp-content\/uploads\/usu459\/2018\/04\/31052233_2042908399315641_4130449428425211904_n-300x206.jpg 300w, https:\/\/agora.xtec.cat\/escolademusicsijpc\/wp-content\/uploads\/usu459\/2018\/04\/31052233_2042908399315641_4130449428425211904_n-768x528.jpg 768w, https:\/\/agora.xtec.cat\/escolademusicsijpc\/wp-content\/uploads\/usu459\/2018\/04\/31052233_2042908399315641_4130449428425211904_n.jpg 960w\" sizes=\"auto, (max-width: 300px) 100vw, 300px\" \/><\/a><\/p>\n","protected":false},"excerpt":{"rendered":"<p>Comencem la setmana compartint unes imatges de la Raval&#8217;s Band amb el seu director\u00a0<a class=\"profileLink\" href=\"https:\/\/www.facebook.com\/bartolome.garciaplatagirones?fref=mentions\">Bartolom\u00e9 Garc\u00eda-Plata Giron\u00e9s<\/a>\u00a0a la festa de la primavera de l&#8217;\u00a0<a class=\"profileLink\" href=\"https:\/\/www.facebook.com\/escolapiasantantoni\/?fref=mentions\">Escola Pia Sant Antoni<\/a>.\u00a0<a class=\"_58cn\" href=\"https:\/\/www.facebook.com\/hashtag\/somm%C3%BAsica?source=feed_text\">#SomM\u00fasica<\/a>\u00a0<a class=\"_58cn\" href=\"https:\/\/www.facebook.com\/hashtag\/lem25?source=feed_text\">#LEM25<\/a>\u00a0<a class=\"_58cn\" href=\"https:\/\/www.facebook.com\/hashtag\/barcelona?source=feed_text\">#Barcelona<\/a>\u00a0<a class=\"_58cn\" href=\"https:\/\/www.facebook.com\/hashtag\/raval?source=feed_text\">#Raval<\/a><br \/>\n<a href=\"http:\/\/agora.xtec.cat\/escolademusicsijpc\/wp-content\/uploads\/usu459\/2018\/04\/31282792_2042908412648973_7933492967300399104_n.jpg\"><\/a> <a href=\"http:\/\/agora.xtec.cat\/escolademusicsijpc\/wp-content\/uploads\/usu459\/2018\/04\/31171538_2042908619315619_4035105144478629888_n.jpg\"><\/a> <a href=\"http:\/\/agora.xtec.cat\/escolademusicsijpc\/wp-content\/uploads\/usu459\/2018\/04\/31150303_2042908495982298_4969400216579997696_n.jpg\"><\/a><a href=\"http:\/\/agora.xtec.cat\/escolademusicsijpc\/wp-content\/uploads\/usu459\/2018\/04\/31163413_2042908532648961_8634008511304433664_n.jpg\"><\/a><a href=\"http:\/\/agora.xtec.cat\/escolademusicsijpc\/wp-content\/uploads\/usu459\/2018\/04\/31143908_2042908642648950_4759379167663882240_n.jpg\"><\/a><a&hellip;  <a href=\"https:\/\/agora.xtec.cat\/escolademusicsijpc\/general\/ravals-band-a-la-festa-de-la-primavera\/\" title=\"Read Raval&#8217;s Band a la festa de la primavera\">Llegeix m\u00e9s\u00bb<\/a><\/p>\n","protected":false},"author":3,"featured_media":6683,"comment_status":"open","ping_status":"closed","sticky":false,"template":"","format":"standard","meta":{"_bbp_topic_count":0,"_bbp_reply_count":0,"_bbp_total_topic_count":0,"_bbp_total_reply_count":0,"_bbp_voice_count":0,"_bbp_anonymous_reply_count":0,"_bbp_topic_count_hidden":0,"_bbp_reply_count_hidden":0,"_bbp_forum_subforum_count":0,"footnotes":""},"categories":[63,1,75,104],"tags":[],"class_list":["post-6681","post","type-post","status-publish","format-standard","has-post-thumbnail","hentry","category-concerts","category-general","category-ravals-band","category-uncategorized"],"post_mailing_queue_ids":[],"_links":{"self":[{"href":"https:\/\/agora.xtec.cat\/escolademusicsijpc\/wp-json\/wp\/v2\/posts\/6681","targetHints":{"allow":["GET"]}}],"collection":[{"href":"https:\/\/agora.xtec.cat\/escolademusicsijpc\/wp-json\/wp\/v2\/posts"}],"about":[{"href":"https:\/\/agora.xtec.cat\/escolademusicsijpc\/wp-json\/wp\/v2\/types\/post"}],"author":[{"embeddable":true,"href":"https:\/\/agora.xtec.cat\/escolademusicsijpc\/wp-json\/wp\/v2\/users\/3"}],"replies":[{"embeddable":true,"href":"https:\/\/agora.xtec.cat\/escolademusicsijpc\/wp-json\/wp\/v2\/comments?post=6681"}],"version-history":[{"count":4,"href":"https:\/\/agora.xtec.cat\/escolademusicsijpc\/wp-json\/wp\/v2\/posts\/6681\/revisions"}],"predecessor-version":[{"id":6700,"href":"https:\/\/agora.xtec.cat\/escolademusicsijpc\/wp-json\/wp\/v2\/posts\/6681\/revisions\/6700"}],"wp:featuredmedia":[{"embeddable":true,"href":"https:\/\/agora.xtec.cat\/escolademusicsijpc\/wp-json\/wp\/v2\/media\/6683"}],"wp:attachment":[{"href":"https:\/\/agora.xtec.cat\/escolademusicsijpc\/wp-json\/wp\/v2\/media?parent=6681"}],"wp:term":[{"taxonomy":"category","embeddable":true,"href":"https:\/\/agora.xtec.cat\/escolademusicsijpc\/wp-json\/wp\/v2\/categories?post=6681"},{"taxonomy":"post_tag","embeddable":true,"href":"https:\/\/agora.xtec.cat\/escolademusicsijpc\/wp-json\/wp\/v2\/tags?post=6681"}],"curies":[{"name":"wp","href":"https:\/\/api.w.org\/{rel}","templated":true}]}}