{"id":6657,"date":"2018-04-16T20:19:36","date_gmt":"2018-04-16T18:19:36","guid":{"rendered":"http:\/\/agora.xtec.cat\/escolademusicsijpc\/?p=6657"},"modified":"2018-04-16T20:21:28","modified_gmt":"2018-04-16T18:21:28","slug":"musics-al-metro-de-bcn","status":"publish","type":"post","link":"https:\/\/agora.xtec.cat\/escolademusicsijpc\/general\/musics-al-metro-de-bcn\/","title":{"rendered":"M\u00fasics al metro de BCN"},"content":{"rendered":"<p>Un any m\u00e9s L&#8217;Escola de M\u00fasics va fer de jurat en la selecci\u00f3 dels m\u00fasics al metro. Compartim aquest article del diari Ara on expliquen el proc\u00e9s de selecci\u00f3.<\/p>\n<p><a href=\"https:\/\/www.ara.cat\/societat\/musics-metro-escullen-nous-companys_0_1991201099.html\">https:\/\/www.ara.cat\/societat\/musics-metro-escullen-nous-companys_0_1991201099.html<\/a><\/p>\n<p><a href=\"http:\/\/agora.xtec.cat\/escolademusicsijpc\/wp-content\/uploads\/usu459\/2018\/04\/professors-observen-interpreta-didoneitat-Barcelona_1991211159_52704283_1500x1000.jpg\"><img loading=\"lazy\" decoding=\"async\" class=\"alignleft wp-image-6658 size-medium\" src=\"http:\/\/agora.xtec.cat\/escolademusicsijpc\/wp-content\/uploads\/usu459\/2018\/04\/professors-observen-interpreta-didoneitat-Barcelona_1991211159_52704283_1500x1000-300x200.jpg\" alt=\"\" width=\"300\" height=\"200\" srcset=\"https:\/\/agora.xtec.cat\/escolademusicsijpc\/wp-content\/uploads\/usu459\/2018\/04\/professors-observen-interpreta-didoneitat-Barcelona_1991211159_52704283_1500x1000-300x200.jpg 300w, https:\/\/agora.xtec.cat\/escolademusicsijpc\/wp-content\/uploads\/usu459\/2018\/04\/professors-observen-interpreta-didoneitat-Barcelona_1991211159_52704283_1500x1000-768x511.jpg 768w, https:\/\/agora.xtec.cat\/escolademusicsijpc\/wp-content\/uploads\/usu459\/2018\/04\/professors-observen-interpreta-didoneitat-Barcelona_1991211159_52704283_1500x1000-1024x682.jpg 1024w, https:\/\/agora.xtec.cat\/escolademusicsijpc\/wp-content\/uploads\/usu459\/2018\/04\/professors-observen-interpreta-didoneitat-Barcelona_1991211159_52704283_1500x1000.jpg 1500w\" sizes=\"auto, (max-width: 300px) 100vw, 300px\" \/><\/a> <a href=\"http:\/\/agora.xtec.cat\/escolademusicsijpc\/wp-content\/uploads\/usu459\/2018\/04\/Sin-t\u00edtulo-1.gif\"><img loading=\"lazy\" decoding=\"async\" class=\"alignleft wp-image-6659 size-medium\" src=\"http:\/\/agora.xtec.cat\/escolademusicsijpc\/wp-content\/uploads\/usu459\/2018\/04\/Sin-t\u00edtulo-1-300x204.gif\" alt=\"\" width=\"300\" height=\"204\" srcset=\"https:\/\/agora.xtec.cat\/escolademusicsijpc\/wp-content\/uploads\/usu459\/2018\/04\/Sin-t\u00edtulo-1-300x204.gif 300w, https:\/\/agora.xtec.cat\/escolademusicsijpc\/wp-content\/uploads\/usu459\/2018\/04\/Sin-t\u00edtulo-1-768x522.gif 768w\" sizes=\"auto, (max-width: 300px) 100vw, 300px\" \/><\/a> <a href=\"http:\/\/agora.xtec.cat\/escolademusicsijpc\/wp-content\/uploads\/usu459\/2018\/04\/Sin-t\u00edtulo-2.gif\"><img loading=\"lazy\" decoding=\"async\" class=\"alignleft wp-image-6660 size-medium\" src=\"http:\/\/agora.xtec.cat\/escolademusicsijpc\/wp-content\/uploads\/usu459\/2018\/04\/Sin-t\u00edtulo-2-300x204.gif\" alt=\"\" width=\"300\" height=\"204\" srcset=\"https:\/\/agora.xtec.cat\/escolademusicsijpc\/wp-content\/uploads\/usu459\/2018\/04\/Sin-t\u00edtulo-2-300x204.gif 300w, https:\/\/agora.xtec.cat\/escolademusicsijpc\/wp-content\/uploads\/usu459\/2018\/04\/Sin-t\u00edtulo-2-768x522.gif 768w\" sizes=\"auto, (max-width: 300px) 100vw, 300px\" \/><\/a><\/p>\n","protected":false},"excerpt":{"rendered":"<p>Un any m\u00e9s L&#8217;Escola de M\u00fasics va fer de jurat en la selecci\u00f3 dels m\u00fasics al metro. Compartim aquest article del diari Ara on expliquen el proc\u00e9s de selecci\u00f3.<br \/>\n<a href=\"https:\/\/www.ara.cat\/societat\/musics-metro-escullen-nous-companys_0_1991201099.html\">https:\/\/www.ara.cat\/societat\/musics-metro-escullen-nous-companys_0_1991201099.html<\/a><br \/>\n<a href=\"http:\/\/agora.xtec.cat\/escolademusicsijpc\/wp-content\/uploads\/usu459\/2018\/04\/professors-observen-interpreta-didoneitat-Barcelona_1991211159_52704283_1500x1000.jpg\"><\/a> <a href=\"http:\/\/agora.xtec.cat\/escolademusicsijpc\/wp-content\/uploads\/usu459\/2018\/04\/Sin-t\u00edtulo-1.gif\"><\/a> <a href=\"http:\/\/agora.xtec.cat\/escolademusicsijpc\/wp-content\/uploads\/usu459\/2018\/04\/Sin-t\u00edtulo-2.gif\"><\/a><\/p>\n","protected":false},"author":3,"featured_media":6660,"comment_status":"open","ping_status":"closed","sticky":false,"template":"","format":"standard","meta":{"_bbp_topic_count":0,"_bbp_reply_count":0,"_bbp_total_topic_count":0,"_bbp_total_reply_count":0,"_bbp_voice_count":0,"_bbp_anonymous_reply_count":0,"_bbp_topic_count_hidden":0,"_bbp_reply_count_hidden":0,"_bbp_forum_subforum_count":0,"footnotes":""},"categories":[1,73,104],"tags":[],"class_list":["post-6657","post","type-post","status-publish","format-standard","has-post-thumbnail","hentry","category-general","category-premsa","category-uncategorized"],"post_mailing_queue_ids":[],"_links":{"self":[{"href":"https:\/\/agora.xtec.cat\/escolademusicsijpc\/wp-json\/wp\/v2\/posts\/6657","targetHints":{"allow":["GET"]}}],"collection":[{"href":"https:\/\/agora.xtec.cat\/escolademusicsijpc\/wp-json\/wp\/v2\/posts"}],"about":[{"href":"https:\/\/agora.xtec.cat\/escolademusicsijpc\/wp-json\/wp\/v2\/types\/post"}],"author":[{"embeddable":true,"href":"https:\/\/agora.xtec.cat\/escolademusicsijpc\/wp-json\/wp\/v2\/users\/3"}],"replies":[{"embeddable":true,"href":"https:\/\/agora.xtec.cat\/escolademusicsijpc\/wp-json\/wp\/v2\/comments?post=6657"}],"version-history":[{"count":3,"href":"https:\/\/agora.xtec.cat\/escolademusicsijpc\/wp-json\/wp\/v2\/posts\/6657\/revisions"}],"predecessor-version":[{"id":6663,"href":"https:\/\/agora.xtec.cat\/escolademusicsijpc\/wp-json\/wp\/v2\/posts\/6657\/revisions\/6663"}],"wp:featuredmedia":[{"embeddable":true,"href":"https:\/\/agora.xtec.cat\/escolademusicsijpc\/wp-json\/wp\/v2\/media\/6660"}],"wp:attachment":[{"href":"https:\/\/agora.xtec.cat\/escolademusicsijpc\/wp-json\/wp\/v2\/media?parent=6657"}],"wp:term":[{"taxonomy":"category","embeddable":true,"href":"https:\/\/agora.xtec.cat\/escolademusicsijpc\/wp-json\/wp\/v2\/categories?post=6657"},{"taxonomy":"post_tag","embeddable":true,"href":"https:\/\/agora.xtec.cat\/escolademusicsijpc\/wp-json\/wp\/v2\/tags?post=6657"}],"curies":[{"name":"wp","href":"https:\/\/api.w.org\/{rel}","templated":true}]}}