{"id":6645,"date":"2018-04-10T19:05:44","date_gmt":"2018-04-10T17:05:44","guid":{"rendered":"http:\/\/agora.xtec.cat\/escolademusicsijpc\/?p=6645"},"modified":"2018-04-10T19:05:44","modified_gmt":"2018-04-10T17:05:44","slug":"smiling-al-foyer-del-palau","status":"publish","type":"post","link":"https:\/\/agora.xtec.cat\/escolademusicsijpc\/general\/smiling-al-foyer-del-palau\/","title":{"rendered":"&#8220;Smiling&#8221; al foyer del Palau"},"content":{"rendered":"<p>Compartim unes imatges de la coral elemental de L&#8217;Escola de M\u00fasics &#8220;Smiling&#8221; en un concert que van oferir al foyer del Palau de la M\u00fasica Catalana sota la direcci\u00f3 de la seva directora\u00a0<a class=\"profileLink\" href=\"https:\/\/www.facebook.com\/yolanda.mallofrefernandez?fref=mentions\">Yolanda Mallofr\u00e9 Fern\u00e1ndez<\/a>.<\/p>\n<p><a class=\"_58cn\" href=\"https:\/\/www.facebook.com\/hashtag\/somm%C3%BAsica?source=feed_text\"><span class=\"_5afx\"><span class=\"_58cl _5afz\">#<\/span><span class=\"_58cm\">SomM\u00fasica<\/span><\/span><\/a><a class=\"_58cn\" href=\"https:\/\/www.facebook.com\/hashtag\/cantcoral?source=feed_text\"><span class=\"_5afx\"><span class=\"_58cl _5afz\">#<\/span><span class=\"_58cm\">Cantcoral<\/span><\/span><\/a>\u00a0<a class=\"_58cn\" href=\"https:\/\/www.facebook.com\/hashtag\/sing?source=feed_text\"><span class=\"_5afx\"><span class=\"_58cl _5afz\">#<\/span><span class=\"_58cm\">Sing<\/span><\/span><\/a>\u00a0<a class=\"_58cn\" href=\"https:\/\/www.facebook.com\/hashtag\/choir?source=feed_text\"><span class=\"_5afx\"><span class=\"_58cl _5afz\">#<\/span><span class=\"_58cm\">choir<\/span><\/span><\/a>\u00a0<a class=\"_58cn\" href=\"https:\/\/www.facebook.com\/hashtag\/lem25?source=feed_text\"><span class=\"_5afx\"><span class=\"_58cl _5afz\">#<\/span><span class=\"_58cm\">LEM25<\/span><\/span><\/a><\/p>\n<p><a href=\"http:\/\/agora.xtec.cat\/escolademusicsijpc\/wp-content\/uploads\/usu459\/2018\/04\/29684006_2034543966818751_1748581357723844608_n.jpg\"><img loading=\"lazy\" decoding=\"async\" class=\"alignleft wp-image-6646 size-medium\" src=\"http:\/\/agora.xtec.cat\/escolademusicsijpc\/wp-content\/uploads\/usu459\/2018\/04\/29684006_2034543966818751_1748581357723844608_n-300x206.jpg\" alt=\"\" width=\"300\" height=\"206\" srcset=\"https:\/\/agora.xtec.cat\/escolademusicsijpc\/wp-content\/uploads\/usu459\/2018\/04\/29684006_2034543966818751_1748581357723844608_n-300x206.jpg 300w, https:\/\/agora.xtec.cat\/escolademusicsijpc\/wp-content\/uploads\/usu459\/2018\/04\/29684006_2034543966818751_1748581357723844608_n-768x528.jpg 768w, https:\/\/agora.xtec.cat\/escolademusicsijpc\/wp-content\/uploads\/usu459\/2018\/04\/29684006_2034543966818751_1748581357723844608_n.jpg 960w\" sizes=\"auto, (max-width: 300px) 100vw, 300px\" \/><\/a> <a href=\"http:\/\/agora.xtec.cat\/escolademusicsijpc\/wp-content\/uploads\/usu459\/2018\/04\/29790622_2034544046818743_8544348247206920192_n.jpg\"><img loading=\"lazy\" decoding=\"async\" class=\"alignleft wp-image-6647 size-medium\" src=\"http:\/\/agora.xtec.cat\/escolademusicsijpc\/wp-content\/uploads\/usu459\/2018\/04\/29790622_2034544046818743_8544348247206920192_n-300x206.jpg\" alt=\"\" width=\"300\" height=\"206\" srcset=\"https:\/\/agora.xtec.cat\/escolademusicsijpc\/wp-content\/uploads\/usu459\/2018\/04\/29790622_2034544046818743_8544348247206920192_n-300x206.jpg 300w, https:\/\/agora.xtec.cat\/escolademusicsijpc\/wp-content\/uploads\/usu459\/2018\/04\/29790622_2034544046818743_8544348247206920192_n-768x528.jpg 768w, https:\/\/agora.xtec.cat\/escolademusicsijpc\/wp-content\/uploads\/usu459\/2018\/04\/29790622_2034544046818743_8544348247206920192_n.jpg 960w\" sizes=\"auto, (max-width: 300px) 100vw, 300px\" \/><\/a> <a href=\"http:\/\/agora.xtec.cat\/escolademusicsijpc\/wp-content\/uploads\/usu459\/2018\/04\/29791996_2034543830152098_2330931094305636352_n.jpg\"><img loading=\"lazy\" decoding=\"async\" class=\"alignleft wp-image-6648 size-medium\" src=\"http:\/\/agora.xtec.cat\/escolademusicsijpc\/wp-content\/uploads\/usu459\/2018\/04\/29791996_2034543830152098_2330931094305636352_n-300x206.jpg\" alt=\"\" width=\"300\" height=\"206\" srcset=\"https:\/\/agora.xtec.cat\/escolademusicsijpc\/wp-content\/uploads\/usu459\/2018\/04\/29791996_2034543830152098_2330931094305636352_n-300x206.jpg 300w, https:\/\/agora.xtec.cat\/escolademusicsijpc\/wp-content\/uploads\/usu459\/2018\/04\/29791996_2034543830152098_2330931094305636352_n-768x528.jpg 768w, https:\/\/agora.xtec.cat\/escolademusicsijpc\/wp-content\/uploads\/usu459\/2018\/04\/29791996_2034543830152098_2330931094305636352_n.jpg 960w\" sizes=\"auto, (max-width: 300px) 100vw, 300px\" \/><\/a> <a href=\"http:\/\/agora.xtec.cat\/escolademusicsijpc\/wp-content\/uploads\/usu459\/2018\/04\/29793488_2034543886818759_1941117448749056000_n.jpg\"><img loading=\"lazy\" decoding=\"async\" class=\"alignleft wp-image-6649 size-medium\" src=\"http:\/\/agora.xtec.cat\/escolademusicsijpc\/wp-content\/uploads\/usu459\/2018\/04\/29793488_2034543886818759_1941117448749056000_n-300x206.jpg\" alt=\"\" width=\"300\" height=\"206\" srcset=\"https:\/\/agora.xtec.cat\/escolademusicsijpc\/wp-content\/uploads\/usu459\/2018\/04\/29793488_2034543886818759_1941117448749056000_n-300x206.jpg 300w, https:\/\/agora.xtec.cat\/escolademusicsijpc\/wp-content\/uploads\/usu459\/2018\/04\/29793488_2034543886818759_1941117448749056000_n-768x528.jpg 768w, https:\/\/agora.xtec.cat\/escolademusicsijpc\/wp-content\/uploads\/usu459\/2018\/04\/29793488_2034543886818759_1941117448749056000_n.jpg 960w\" sizes=\"auto, (max-width: 300px) 100vw, 300px\" \/><\/a> <a href=\"http:\/\/agora.xtec.cat\/escolademusicsijpc\/wp-content\/uploads\/usu459\/2018\/04\/30123879_2034543893485425_1318505039467118592_n.jpg\"><img loading=\"lazy\" decoding=\"async\" class=\"alignleft wp-image-6650 size-medium\" src=\"http:\/\/agora.xtec.cat\/escolademusicsijpc\/wp-content\/uploads\/usu459\/2018\/04\/30123879_2034543893485425_1318505039467118592_n-300x206.jpg\" alt=\"\" width=\"300\" height=\"206\" srcset=\"https:\/\/agora.xtec.cat\/escolademusicsijpc\/wp-content\/uploads\/usu459\/2018\/04\/30123879_2034543893485425_1318505039467118592_n-300x206.jpg 300w, https:\/\/agora.xtec.cat\/escolademusicsijpc\/wp-content\/uploads\/usu459\/2018\/04\/30123879_2034543893485425_1318505039467118592_n-768x528.jpg 768w, https:\/\/agora.xtec.cat\/escolademusicsijpc\/wp-content\/uploads\/usu459\/2018\/04\/30123879_2034543893485425_1318505039467118592_n.jpg 960w\" sizes=\"auto, (max-width: 300px) 100vw, 300px\" \/><\/a> <a href=\"http:\/\/agora.xtec.cat\/escolademusicsijpc\/wp-content\/uploads\/usu459\/2018\/04\/30221424_2034544043485410_8132280370340036608_n.jpg\"><img loading=\"lazy\" decoding=\"async\" class=\"alignleft wp-image-6651 size-medium\" src=\"http:\/\/agora.xtec.cat\/escolademusicsijpc\/wp-content\/uploads\/usu459\/2018\/04\/30221424_2034544043485410_8132280370340036608_n-300x206.jpg\" alt=\"\" width=\"300\" height=\"206\" srcset=\"https:\/\/agora.xtec.cat\/escolademusicsijpc\/wp-content\/uploads\/usu459\/2018\/04\/30221424_2034544043485410_8132280370340036608_n-300x206.jpg 300w, https:\/\/agora.xtec.cat\/escolademusicsijpc\/wp-content\/uploads\/usu459\/2018\/04\/30221424_2034544043485410_8132280370340036608_n-768x528.jpg 768w, https:\/\/agora.xtec.cat\/escolademusicsijpc\/wp-content\/uploads\/usu459\/2018\/04\/30221424_2034544043485410_8132280370340036608_n.jpg 960w\" sizes=\"auto, (max-width: 300px) 100vw, 300px\" \/><\/a><\/p>\n","protected":false},"excerpt":{"rendered":"<p>Compartim unes imatges de la coral elemental de L&#8217;Escola de M\u00fasics &#8220;Smiling&#8221; en un concert que van oferir al foyer del Palau de la M\u00fasica Catalana sota la direcci\u00f3 de la seva directora\u00a0<a class=\"profileLink\" href=\"https:\/\/www.facebook.com\/yolanda.mallofrefernandez?fref=mentions\">Yolanda Mallofr\u00e9 Fern\u00e1ndez<\/a>.<br \/>\n<a class=\"_58cn\" href=\"https:\/\/www.facebook.com\/hashtag\/somm%C3%BAsica?source=feed_text\">#SomM\u00fasica<\/a><a class=\"_58cn\" href=\"https:\/\/www.facebook.com\/hashtag\/cantcoral?source=feed_text\">#Cantcoral<\/a>\u00a0<a class=\"_58cn\" href=\"https:\/\/www.facebook.com\/hashtag\/sing?source=feed_text\">#Sing<\/a>\u00a0<a class=\"_58cn\" href=\"https:\/\/www.facebook.com\/hashtag\/choir?source=feed_text\">#choir<\/a>\u00a0<a&hellip;  <a href=\"https:\/\/agora.xtec.cat\/escolademusicsijpc\/general\/smiling-al-foyer-del-palau\/\" title=\"Read &#8220;Smiling&#8221; al foyer del Palau\">Llegeix m\u00e9s\u00bb<\/a><\/p>\n","protected":false},"author":3,"featured_media":6648,"comment_status":"open","ping_status":"closed","sticky":false,"template":"","format":"standard","meta":{"_bbp_topic_count":0,"_bbp_reply_count":0,"_bbp_total_topic_count":0,"_bbp_total_reply_count":0,"_bbp_voice_count":0,"_bbp_anonymous_reply_count":0,"_bbp_topic_count_hidden":0,"_bbp_reply_count_hidden":0,"_bbp_forum_subforum_count":0,"footnotes":""},"categories":[63,66,1,104],"tags":[],"class_list":["post-6645","post","type-post","status-publish","format-standard","has-post-thumbnail","hentry","category-concerts","category-corals","category-general","category-uncategorized"],"post_mailing_queue_ids":[],"_links":{"self":[{"href":"https:\/\/agora.xtec.cat\/escolademusicsijpc\/wp-json\/wp\/v2\/posts\/6645","targetHints":{"allow":["GET"]}}],"collection":[{"href":"https:\/\/agora.xtec.cat\/escolademusicsijpc\/wp-json\/wp\/v2\/posts"}],"about":[{"href":"https:\/\/agora.xtec.cat\/escolademusicsijpc\/wp-json\/wp\/v2\/types\/post"}],"author":[{"embeddable":true,"href":"https:\/\/agora.xtec.cat\/escolademusicsijpc\/wp-json\/wp\/v2\/users\/3"}],"replies":[{"embeddable":true,"href":"https:\/\/agora.xtec.cat\/escolademusicsijpc\/wp-json\/wp\/v2\/comments?post=6645"}],"version-history":[{"count":1,"href":"https:\/\/agora.xtec.cat\/escolademusicsijpc\/wp-json\/wp\/v2\/posts\/6645\/revisions"}],"predecessor-version":[{"id":6652,"href":"https:\/\/agora.xtec.cat\/escolademusicsijpc\/wp-json\/wp\/v2\/posts\/6645\/revisions\/6652"}],"wp:featuredmedia":[{"embeddable":true,"href":"https:\/\/agora.xtec.cat\/escolademusicsijpc\/wp-json\/wp\/v2\/media\/6648"}],"wp:attachment":[{"href":"https:\/\/agora.xtec.cat\/escolademusicsijpc\/wp-json\/wp\/v2\/media?parent=6645"}],"wp:term":[{"taxonomy":"category","embeddable":true,"href":"https:\/\/agora.xtec.cat\/escolademusicsijpc\/wp-json\/wp\/v2\/categories?post=6645"},{"taxonomy":"post_tag","embeddable":true,"href":"https:\/\/agora.xtec.cat\/escolademusicsijpc\/wp-json\/wp\/v2\/tags?post=6645"}],"curies":[{"name":"wp","href":"https:\/\/api.w.org\/{rel}","templated":true}]}}