{"id":6558,"date":"2018-03-19T19:14:38","date_gmt":"2018-03-19T18:14:38","guid":{"rendered":"http:\/\/agora.xtec.cat\/escolademusicsijpc\/?p=6558"},"modified":"2018-03-19T19:33:16","modified_gmt":"2018-03-19T18:33:16","slug":"alumnes-de-lescola-de-musics-tocant-al-passeig-de-gracia","status":"publish","type":"post","link":"https:\/\/agora.xtec.cat\/escolademusicsijpc\/general\/alumnes-de-lescola-de-musics-tocant-al-passeig-de-gracia\/","title":{"rendered":"Alumnes de L\u2019Escola de M\u00fasics tocant al Passeig de Gr\u00e0cia"},"content":{"rendered":"<p><iframe loading=\"lazy\" src=\"https:\/\/www.youtube.com\/embed\/pLJR_Zx-MW4\" width=\"560\" height=\"315\" frameborder=\"0\" allowfullscreen=\"allowfullscreen\"><\/iframe><br \/>\nPetit resum en v\u00eddeo dels alumnes de L&#8217;Escola de M\u00fasics tocant al Passeig de Gr\u00e0cia amb motiu del concurs Maria Canals 2018.<\/p>\n<p><a class=\"_58cn\" href=\"https:\/\/www.facebook.com\/hashtag\/somm%C3%BAsica?source=feed_text\"><span class=\"_5afx\"><span class=\"_58cl _5afz\">#<\/span><span class=\"_58cm\">SomM\u00fasica<\/span><\/span><\/a>\u00a0<a class=\"_58cn\" href=\"https:\/\/www.facebook.com\/hashtag\/johitoco?source=feed_text\"><span class=\"_5afx\"><span class=\"_58cl _5afz\">#<\/span><span class=\"_58cm\">johitoco<\/span><\/span><\/a>\u00a0<a class=\"_58cn\" href=\"https:\/\/www.facebook.com\/hashtag\/64mcb?source=feed_text\"><span class=\"_5afx\"><span class=\"_58cl _5afz\">#<\/span><span class=\"_58cm\">64mcb<\/span><\/span><\/a><a class=\"_58cn\" href=\"https:\/\/www.facebook.com\/hashtag\/mariacanals?source=feed_text\"><span class=\"_5afx\"><span class=\"_58cl _5afz\">#<\/span><span class=\"_58cm\">MariaCanals<\/span><\/span><\/a>.<a class=\"_58cn\" href=\"https:\/\/www.facebook.com\/hashtag\/lem25?source=feed_text\"><span class=\"_5afx\"><span class=\"_58cl _5afz\">#<\/span><span class=\"_58cm\">LEM25<\/span><\/span><\/a><\/p>\n","protected":false},"excerpt":{"rendered":"<p>Petit resum en v\u00eddeo dels alumnes de L&#8217;Escola de M\u00fasics tocant al Passeig de Gr\u00e0cia amb motiu del concurs Maria Canals 2018.<br \/>\n<a class=\"_58cn\" href=\"https:\/\/www.facebook.com\/hashtag\/somm%C3%BAsica?source=feed_text\">#SomM\u00fasica<\/a>\u00a0<a class=\"_58cn\" href=\"https:\/\/www.facebook.com\/hashtag\/johitoco?source=feed_text\">#johitoco<\/a>\u00a0<a class=\"_58cn\" href=\"https:\/\/www.facebook.com\/hashtag\/64mcb?source=feed_text\">#64mcb<\/a><a class=\"_58cn\" href=\"https:\/\/www.facebook.com\/hashtag\/mariacanals?source=feed_text\">#MariaCanals<\/a>.<a class=\"_58cn\" href=\"https:\/\/www.facebook.com\/hashtag\/lem25?source=feed_text\">#LEM25<\/a><\/p>\n","protected":false},"author":3,"featured_media":6561,"comment_status":"open","ping_status":"closed","sticky":false,"template":"","format":"standard","meta":{"_bbp_topic_count":0,"_bbp_reply_count":0,"_bbp_total_topic_count":0,"_bbp_total_reply_count":0,"_bbp_voice_count":0,"_bbp_anonymous_reply_count":0,"_bbp_topic_count_hidden":0,"_bbp_reply_count_hidden":0,"_bbp_forum_subforum_count":0,"footnotes":""},"categories":[63,1,104],"tags":[],"class_list":["post-6558","post","type-post","status-publish","format-standard","has-post-thumbnail","hentry","category-concerts","category-general","category-uncategorized"],"post_mailing_queue_ids":[],"_links":{"self":[{"href":"https:\/\/agora.xtec.cat\/escolademusicsijpc\/wp-json\/wp\/v2\/posts\/6558","targetHints":{"allow":["GET"]}}],"collection":[{"href":"https:\/\/agora.xtec.cat\/escolademusicsijpc\/wp-json\/wp\/v2\/posts"}],"about":[{"href":"https:\/\/agora.xtec.cat\/escolademusicsijpc\/wp-json\/wp\/v2\/types\/post"}],"author":[{"embeddable":true,"href":"https:\/\/agora.xtec.cat\/escolademusicsijpc\/wp-json\/wp\/v2\/users\/3"}],"replies":[{"embeddable":true,"href":"https:\/\/agora.xtec.cat\/escolademusicsijpc\/wp-json\/wp\/v2\/comments?post=6558"}],"version-history":[{"count":3,"href":"https:\/\/agora.xtec.cat\/escolademusicsijpc\/wp-json\/wp\/v2\/posts\/6558\/revisions"}],"predecessor-version":[{"id":6563,"href":"https:\/\/agora.xtec.cat\/escolademusicsijpc\/wp-json\/wp\/v2\/posts\/6558\/revisions\/6563"}],"wp:featuredmedia":[{"embeddable":true,"href":"https:\/\/agora.xtec.cat\/escolademusicsijpc\/wp-json\/wp\/v2\/media\/6561"}],"wp:attachment":[{"href":"https:\/\/agora.xtec.cat\/escolademusicsijpc\/wp-json\/wp\/v2\/media?parent=6558"}],"wp:term":[{"taxonomy":"category","embeddable":true,"href":"https:\/\/agora.xtec.cat\/escolademusicsijpc\/wp-json\/wp\/v2\/categories?post=6558"},{"taxonomy":"post_tag","embeddable":true,"href":"https:\/\/agora.xtec.cat\/escolademusicsijpc\/wp-json\/wp\/v2\/tags?post=6558"}],"curies":[{"name":"wp","href":"https:\/\/api.w.org\/{rel}","templated":true}]}}