{"id":6552,"date":"2018-03-19T18:28:09","date_gmt":"2018-03-19T17:28:09","guid":{"rendered":"http:\/\/agora.xtec.cat\/escolademusicsijpc\/?p=6552"},"modified":"2018-03-19T18:30:43","modified_gmt":"2018-03-19T17:30:43","slug":"cors-del-besos","status":"publish","type":"post","link":"https:\/\/agora.xtec.cat\/escolademusicsijpc\/general\/cors-del-besos\/","title":{"rendered":"Cors del Bes\u00f3s"},"content":{"rendered":"<p>Volem felicitar als cors del Bes\u00f2s que ahir van oferir un concert dirigits per la professora de l&#8217;escola de m\u00fasics\u00a0<a class=\"profileLink\" href=\"https:\/\/www.facebook.com\/irene.andreu.39?fref=mentions\">Irene Andreu<\/a>. Va ser tot un \u00e8xit.<\/p>\n<p><a class=\"_58cn\" href=\"https:\/\/www.facebook.com\/hashtag\/somm%C3%BAsica?source=feed_text\"><span class=\"_5afx\"><span class=\"_58cl _5afz\">#<\/span><span class=\"_58cm\">SomM\u00fasica<\/span><\/span><\/a><a class=\"_58cn\" href=\"https:\/\/www.facebook.com\/hashtag\/coral?source=feed_text\"><span class=\"_5afx\"><span class=\"_58cl _5afz\">#<\/span><span class=\"_58cm\">coral<\/span><\/span><\/a>\u00a0<a class=\"_58cn\" href=\"https:\/\/www.facebook.com\/hashtag\/bes%C3%B2s?source=feed_text\"><span class=\"_5afx\"><span class=\"_58cl _5afz\">#<\/span><span class=\"_58cm\">Bes\u00f2s<\/span><\/span><\/a>\u00a0<a class=\"_58cn\" href=\"https:\/\/www.facebook.com\/hashtag\/barcelona?source=feed_text\"><span class=\"_5afx\"><span class=\"_58cl _5afz\">#<\/span><span class=\"_58cm\">Barcelona<\/span><\/span><\/a>\u00a0<a class=\"_58cn\" href=\"https:\/\/www.facebook.com\/hashtag\/musica?source=feed_text\"><span class=\"_5afx\"><span class=\"_58cl _5afz\">#<\/span><span class=\"_58cm\">Musica<\/span><\/span><\/a>\u00a0<a class=\"_58cn\" href=\"https:\/\/www.facebook.com\/hashtag\/lem25?source=feed_text\"><span class=\"_5afx\"><span class=\"_58cl _5afz\">#<\/span><span class=\"_58cm\">LEM25<\/span><\/span><\/a><\/p>\n<p><a href=\"http:\/\/agora.xtec.cat\/escolademusicsijpc\/wp-content\/uploads\/usu459\/2018\/03\/29214827_2024599691146512_4524347746794078208_n.jpg\"><img loading=\"lazy\" decoding=\"async\" class=\"alignleft wp-image-6553 size-medium\" src=\"http:\/\/agora.xtec.cat\/escolademusicsijpc\/wp-content\/uploads\/usu459\/2018\/03\/29214827_2024599691146512_4524347746794078208_n-300x229.jpg\" alt=\"\" width=\"300\" height=\"229\" srcset=\"https:\/\/agora.xtec.cat\/escolademusicsijpc\/wp-content\/uploads\/usu459\/2018\/03\/29214827_2024599691146512_4524347746794078208_n-300x229.jpg 300w, https:\/\/agora.xtec.cat\/escolademusicsijpc\/wp-content\/uploads\/usu459\/2018\/03\/29214827_2024599691146512_4524347746794078208_n-768x586.jpg 768w, https:\/\/agora.xtec.cat\/escolademusicsijpc\/wp-content\/uploads\/usu459\/2018\/03\/29214827_2024599691146512_4524347746794078208_n.jpg 960w\" sizes=\"auto, (max-width: 300px) 100vw, 300px\" \/><\/a> <a href=\"http:\/\/agora.xtec.cat\/escolademusicsijpc\/wp-content\/uploads\/usu459\/2018\/03\/29214964_2024599701146511_4361460669711646720_n.jpg\"><img loading=\"lazy\" decoding=\"async\" class=\"alignleft wp-image-6554 size-medium\" src=\"http:\/\/agora.xtec.cat\/escolademusicsijpc\/wp-content\/uploads\/usu459\/2018\/03\/29214964_2024599701146511_4361460669711646720_n-300x229.jpg\" alt=\"\" width=\"300\" height=\"229\" srcset=\"https:\/\/agora.xtec.cat\/escolademusicsijpc\/wp-content\/uploads\/usu459\/2018\/03\/29214964_2024599701146511_4361460669711646720_n-300x229.jpg 300w, https:\/\/agora.xtec.cat\/escolademusicsijpc\/wp-content\/uploads\/usu459\/2018\/03\/29214964_2024599701146511_4361460669711646720_n-768x586.jpg 768w, https:\/\/agora.xtec.cat\/escolademusicsijpc\/wp-content\/uploads\/usu459\/2018\/03\/29214964_2024599701146511_4361460669711646720_n.jpg 960w\" sizes=\"auto, (max-width: 300px) 100vw, 300px\" \/><\/a> <a href=\"http:\/\/agora.xtec.cat\/escolademusicsijpc\/wp-content\/uploads\/usu459\/2018\/03\/29243621_2024599677813180_2750514481040719872_n.jpg\"><img loading=\"lazy\" decoding=\"async\" class=\"alignleft wp-image-6555 size-medium\" src=\"http:\/\/agora.xtec.cat\/escolademusicsijpc\/wp-content\/uploads\/usu459\/2018\/03\/29243621_2024599677813180_2750514481040719872_n-300x229.jpg\" alt=\"\" width=\"300\" height=\"229\" srcset=\"https:\/\/agora.xtec.cat\/escolademusicsijpc\/wp-content\/uploads\/usu459\/2018\/03\/29243621_2024599677813180_2750514481040719872_n-300x229.jpg 300w, https:\/\/agora.xtec.cat\/escolademusicsijpc\/wp-content\/uploads\/usu459\/2018\/03\/29243621_2024599677813180_2750514481040719872_n-768x586.jpg 768w, https:\/\/agora.xtec.cat\/escolademusicsijpc\/wp-content\/uploads\/usu459\/2018\/03\/29243621_2024599677813180_2750514481040719872_n.jpg 960w\" sizes=\"auto, (max-width: 300px) 100vw, 300px\" \/><\/a><\/p>\n","protected":false},"excerpt":{"rendered":"<p>Volem felicitar als cors del Bes\u00f2s que ahir van oferir un concert dirigits per la professora de l&#8217;escola de m\u00fasics\u00a0<a class=\"profileLink\" href=\"https:\/\/www.facebook.com\/irene.andreu.39?fref=mentions\">Irene Andreu<\/a>. Va ser tot un \u00e8xit.<br \/>\n<a class=\"_58cn\" href=\"https:\/\/www.facebook.com\/hashtag\/somm%C3%BAsica?source=feed_text\">#SomM\u00fasica<\/a><a class=\"_58cn\" href=\"https:\/\/www.facebook.com\/hashtag\/coral?source=feed_text\">#coral<\/a>\u00a0<a class=\"_58cn\" href=\"https:\/\/www.facebook.com\/hashtag\/bes%C3%B2s?source=feed_text\">#Bes\u00f2s<\/a>\u00a0<a class=\"_58cn\" href=\"https:\/\/www.facebook.com\/hashtag\/barcelona?source=feed_text\">#Barcelona<\/a>\u00a0<a class=\"_58cn\" href=\"https:\/\/www.facebook.com\/hashtag\/musica?source=feed_text\">#Musica<\/a>\u00a0<a class=\"_58cn\" href=\"https:\/\/www.facebook.com\/hashtag\/lem25?source=feed_text\">#LEM25<\/a><br \/>\n<a href=\"http:\/\/agora.xtec.cat\/escolademusicsijpc\/wp-content\/uploads\/usu459\/2018\/03\/29214827_2024599691146512_4524347746794078208_n.jpg\"><\/a> <a href=\"http:\/\/agora.xtec.cat\/escolademusicsijpc\/wp-content\/uploads\/usu459\/2018\/03\/29214964_2024599701146511_4361460669711646720_n.jpg\"><\/a> <a href=\"http:\/\/agora.xtec.cat\/escolademusicsijpc\/wp-content\/uploads\/usu459\/2018\/03\/29243621_2024599677813180_2750514481040719872_n.jpg\"><\/a><\/p>\n","protected":false},"author":3,"featured_media":6553,"comment_status":"open","ping_status":"closed","sticky":false,"template":"","format":"standard","meta":{"_bbp_topic_count":0,"_bbp_reply_count":0,"_bbp_total_topic_count":0,"_bbp_total_reply_count":0,"_bbp_voice_count":0,"_bbp_anonymous_reply_count":0,"_bbp_topic_count_hidden":0,"_bbp_reply_count_hidden":0,"_bbp_forum_subforum_count":0,"footnotes":""},"categories":[66,1,104],"tags":[],"class_list":["post-6552","post","type-post","status-publish","format-standard","has-post-thumbnail","hentry","category-corals","category-general","category-uncategorized"],"post_mailing_queue_ids":[],"_links":{"self":[{"href":"https:\/\/agora.xtec.cat\/escolademusicsijpc\/wp-json\/wp\/v2\/posts\/6552","targetHints":{"allow":["GET"]}}],"collection":[{"href":"https:\/\/agora.xtec.cat\/escolademusicsijpc\/wp-json\/wp\/v2\/posts"}],"about":[{"href":"https:\/\/agora.xtec.cat\/escolademusicsijpc\/wp-json\/wp\/v2\/types\/post"}],"author":[{"embeddable":true,"href":"https:\/\/agora.xtec.cat\/escolademusicsijpc\/wp-json\/wp\/v2\/users\/3"}],"replies":[{"embeddable":true,"href":"https:\/\/agora.xtec.cat\/escolademusicsijpc\/wp-json\/wp\/v2\/comments?post=6552"}],"version-history":[{"count":2,"href":"https:\/\/agora.xtec.cat\/escolademusicsijpc\/wp-json\/wp\/v2\/posts\/6552\/revisions"}],"predecessor-version":[{"id":6557,"href":"https:\/\/agora.xtec.cat\/escolademusicsijpc\/wp-json\/wp\/v2\/posts\/6552\/revisions\/6557"}],"wp:featuredmedia":[{"embeddable":true,"href":"https:\/\/agora.xtec.cat\/escolademusicsijpc\/wp-json\/wp\/v2\/media\/6553"}],"wp:attachment":[{"href":"https:\/\/agora.xtec.cat\/escolademusicsijpc\/wp-json\/wp\/v2\/media?parent=6552"}],"wp:term":[{"taxonomy":"category","embeddable":true,"href":"https:\/\/agora.xtec.cat\/escolademusicsijpc\/wp-json\/wp\/v2\/categories?post=6552"},{"taxonomy":"post_tag","embeddable":true,"href":"https:\/\/agora.xtec.cat\/escolademusicsijpc\/wp-json\/wp\/v2\/tags?post=6552"}],"curies":[{"name":"wp","href":"https:\/\/api.w.org\/{rel}","templated":true}]}}