{"id":6506,"date":"2018-03-06T17:47:57","date_gmt":"2018-03-06T16:47:57","guid":{"rendered":"http:\/\/agora.xtec.cat\/escolademusicsijpc\/?p=6506"},"modified":"2018-03-06T17:51:26","modified_gmt":"2018-03-06T16:51:26","slug":"taller-de-cant-coral","status":"publish","type":"post","link":"https:\/\/agora.xtec.cat\/escolademusicsijpc\/general\/taller-de-cant-coral\/","title":{"rendered":"Taller de cant coral"},"content":{"rendered":"<p><img loading=\"lazy\" decoding=\"async\" class=\"alignright size-medium wp-image-6507\" src=\"http:\/\/agora.xtec.cat\/escolademusicsijpc\/wp-content\/uploads\/usu459\/2018\/03\/28577373_2015828658690282_8271303495069980828_n-205x300.jpg\" alt=\"\" width=\"205\" height=\"300\" srcset=\"https:\/\/agora.xtec.cat\/escolademusicsijpc\/wp-content\/uploads\/usu459\/2018\/03\/28577373_2015828658690282_8271303495069980828_n-205x300.jpg 205w, https:\/\/agora.xtec.cat\/escolademusicsijpc\/wp-content\/uploads\/usu459\/2018\/03\/28577373_2015828658690282_8271303495069980828_n.jpg 657w\" sizes=\"auto, (max-width: 205px) 100vw, 205px\" \/>El pr\u00f2xim 15 de mar\u00e7, taller de cant coral a c\u00e0rrec de la professora de l\u2019Escola de M\u00fasics\u00a0<a class=\"profileLink\" href=\"https:\/\/www.facebook.com\/profile.php?id=100005933418999&amp;fref=mentions\">Cristina Colomer<\/a>\u00a0al centre de normalitzaci\u00f3 ling\u00fc\u00edstica, inscripci\u00f3 pr\u00e8via al carrer Aviny\u00f3 n\u00ba52, tel\u00e8fon 93 412 72 24, cvella@cpnl.cat.<\/p>\n<p><a class=\"_58cn\" href=\"https:\/\/www.facebook.com\/hashtag\/somm%C3%BAsica?source=feed_text\"><span class=\"_5afx\"><span class=\"_58cl _5afz\">#<\/span><span class=\"_58cm\">SomM\u00fasica<\/span><\/span><\/a>\u00a0<a class=\"_58cn\" href=\"https:\/\/www.facebook.com\/hashtag\/cnl?source=feed_text\"><span class=\"_5afx\"><span class=\"_58cl _5afz\">#<\/span><span class=\"_58cm\">cnl<\/span><\/span><\/a>\u00a0<a class=\"_58cn\" href=\"https:\/\/www.facebook.com\/hashtag\/barcelona?source=feed_text\"><span class=\"_5afx\"><span class=\"_58cl _5afz\">#<\/span><span class=\"_58cm\">barcelona<\/span><\/span><\/a>\u00a0<a class=\"_58cn\" href=\"https:\/\/www.facebook.com\/hashtag\/ciutatvella?source=feed_text\"><span class=\"_5afx\"><span class=\"_58cl _5afz\">#<\/span><span class=\"_58cm\">ciutatvella<\/span><\/span><\/a><a class=\"_58cn\" href=\"https:\/\/www.facebook.com\/hashtag\/lem25?source=feed_text\"><span class=\"_5afx\"><span class=\"_58cl _5afz\">#<\/span><span class=\"_58cm\">LEM25<\/span><\/span><\/a><\/p>\n","protected":false},"excerpt":{"rendered":"<p>El pr\u00f2xim 15 de mar\u00e7, taller de cant coral a c\u00e0rrec de la professora de l\u2019Escola de M\u00fasics\u00a0<a class=\"profileLink\" href=\"https:\/\/www.facebook.com\/profile.php?id=100005933418999&amp;fref=mentions\">Cristina Colomer<\/a>\u00a0al centre de normalitzaci\u00f3 ling\u00fc\u00edstica, inscripci\u00f3 pr\u00e8via al carrer Aviny\u00f3 n\u00ba52, tel\u00e8fon 93 412 72 24, cvella@cpnl.cat.<br \/>\n<a class=\"_58cn\" href=\"https:\/\/www.facebook.com\/hashtag\/somm%C3%BAsica?source=feed_text\">#SomM\u00fasica<\/a>\u00a0<a class=\"_58cn\" href=\"https:\/\/www.facebook.com\/hashtag\/cnl?source=feed_text\">#cnl<\/a>\u00a0<a class=\"_58cn\" href=\"https:\/\/www.facebook.com\/hashtag\/barcelona?source=feed_text\">#barcelona<\/a>\u00a0<a class=\"_58cn\" href=\"https:\/\/www.facebook.com\/hashtag\/ciutatvella?source=feed_text\">#ciutatvella<\/a><a&hellip;  <a href=\"https:\/\/agora.xtec.cat\/escolademusicsijpc\/general\/taller-de-cant-coral\/\" title=\"Read Taller de cant coral\">Llegeix m\u00e9s\u00bb<\/a><\/p>\n","protected":false},"author":3,"featured_media":6507,"comment_status":"open","ping_status":"closed","sticky":false,"template":"","format":"standard","meta":{"_bbp_topic_count":0,"_bbp_reply_count":0,"_bbp_total_topic_count":0,"_bbp_total_reply_count":0,"_bbp_voice_count":0,"_bbp_anonymous_reply_count":0,"_bbp_topic_count_hidden":0,"_bbp_reply_count_hidden":0,"_bbp_forum_subforum_count":0,"footnotes":""},"categories":[66,1,104],"tags":[],"class_list":["post-6506","post","type-post","status-publish","format-standard","has-post-thumbnail","hentry","category-corals","category-general","category-uncategorized"],"post_mailing_queue_ids":[],"_links":{"self":[{"href":"https:\/\/agora.xtec.cat\/escolademusicsijpc\/wp-json\/wp\/v2\/posts\/6506","targetHints":{"allow":["GET"]}}],"collection":[{"href":"https:\/\/agora.xtec.cat\/escolademusicsijpc\/wp-json\/wp\/v2\/posts"}],"about":[{"href":"https:\/\/agora.xtec.cat\/escolademusicsijpc\/wp-json\/wp\/v2\/types\/post"}],"author":[{"embeddable":true,"href":"https:\/\/agora.xtec.cat\/escolademusicsijpc\/wp-json\/wp\/v2\/users\/3"}],"replies":[{"embeddable":true,"href":"https:\/\/agora.xtec.cat\/escolademusicsijpc\/wp-json\/wp\/v2\/comments?post=6506"}],"version-history":[{"count":3,"href":"https:\/\/agora.xtec.cat\/escolademusicsijpc\/wp-json\/wp\/v2\/posts\/6506\/revisions"}],"predecessor-version":[{"id":6510,"href":"https:\/\/agora.xtec.cat\/escolademusicsijpc\/wp-json\/wp\/v2\/posts\/6506\/revisions\/6510"}],"wp:featuredmedia":[{"embeddable":true,"href":"https:\/\/agora.xtec.cat\/escolademusicsijpc\/wp-json\/wp\/v2\/media\/6507"}],"wp:attachment":[{"href":"https:\/\/agora.xtec.cat\/escolademusicsijpc\/wp-json\/wp\/v2\/media?parent=6506"}],"wp:term":[{"taxonomy":"category","embeddable":true,"href":"https:\/\/agora.xtec.cat\/escolademusicsijpc\/wp-json\/wp\/v2\/categories?post=6506"},{"taxonomy":"post_tag","embeddable":true,"href":"https:\/\/agora.xtec.cat\/escolademusicsijpc\/wp-json\/wp\/v2\/tags?post=6506"}],"curies":[{"name":"wp","href":"https:\/\/api.w.org\/{rel}","templated":true}]}}