{"id":6494,"date":"2018-02-26T17:43:15","date_gmt":"2018-02-26T16:43:15","guid":{"rendered":"http:\/\/agora.xtec.cat\/escolademusicsijpc\/?p=6494"},"modified":"2018-03-06T17:45:56","modified_gmt":"2018-03-06T16:45:56","slug":"matricula-2018-2019","status":"publish","type":"post","link":"https:\/\/agora.xtec.cat\/escolademusicsijpc\/general\/matricula-2018-2019\/","title":{"rendered":"Matr\u00edcula 2018-2019"},"content":{"rendered":"<p><img loading=\"lazy\" decoding=\"async\" class=\"alignright size-medium wp-image-6504\" src=\"http:\/\/agora.xtec.cat\/escolademusicsijpc\/wp-content\/uploads\/usu459\/2018\/02\/preinscripcio18_19-213x300.gif\" alt=\"\" width=\"213\" height=\"300\" \/>Benvolguts alumnes, mares i pares de l\u2019Escola de M\u00fasics i Escola de M\u00fasica JPC.<\/p>\n<p>Us comuniquem que a partir del 5 de mar\u00e7 ja podreu fer la\u00a0<strong><u>preinscripci\u00f3\u00a0<\/u><\/strong><strong><u>per al curs 2018-19.<\/u><\/strong><\/p>\n<p>Us fem arribar la normativa, dies i horaris de\u00a0preinscripci\u00f3\u00a0i matriculaci\u00f3.<\/p>\n<p>Us informem que el dissabte 3 de mar\u00e7 farem proves d\u2019instrument per a tots aquells alumnes que encara no toquen un instrument o volen provar un segon instrument el curs vinent. Per concretar els horaris de les proves poseu-vos en contacte amb secretaria.<\/p>\n<p><strong><u>Criteris a l\u2019hora de fer els horaris<\/u><\/strong><\/p>\n<ol>\n<li>Tindran prefer\u00e8ncia els alumnes que facin el programa oficial.<\/li>\n<li><strong>Classes Grupals:<\/strong>\u00a0Tindran prefer\u00e8ncia tots aquells antics alumnes que es preinscriguin en el programa oficial i\u00a0<strong>es tancaran els grups per estricte ordre d\u2019arribada.<\/strong><\/li>\n<li><strong>Classes individuals<\/strong>: Tindran prefer\u00e8ncia tots aquells antics alumnes que es preinscriguin en el programa oficial i<strong>els horaris es confeccionaran segons l\u2019edat de cada alumne<\/strong>\u00a0(els petits m\u00e9s aviat i els grans m\u00e9s tard).<\/li>\n<li>Tindran prefer\u00e8ncia hor\u00e0ria tots aquells alumnes que es matriculin abans del 16 de mar\u00e7.<\/li>\n<li>Germans<\/li>\n<li>Antiguitat a l\u2019escola.<\/li>\n<\/ol>\n<p><strong><u>Preinscripci\u00f3 curs 2018-19<\/u><\/strong><strong>:\u00a0\u00a0<\/strong><\/p>\n<p>Els alumnes que tinguin mensualitats pendents de pagament hauran d\u2019abonar-les abans de fer la\u00a0preinscripci\u00f3.<\/p>\n<p><strong><u>Preus\u00a0preinscripci\u00f3 per alumne<\/u><\/strong><\/p>\n<p>&nbsp;<\/p>\n<table width=\"666\">\n<tbody>\n<tr>\n<td width=\"163\"><strong>Programa oficial<\/strong><\/td>\n<td width=\"274\"><strong>Programa lliure<\/strong><\/p>\n<p><strong>(amb alguna assignatura grupal)<\/strong><\/td>\n<td width=\"229\"><strong>Programa lliure<\/strong><\/p>\n<p><strong>( sense assignatura grupal)<\/strong><\/td>\n<\/tr>\n<tr>\n<td width=\"163\"><strong>50\u20ac<\/strong><\/td>\n<td width=\"274\"><strong>60\u20ac<\/strong><\/td>\n<td width=\"229\"><strong>80\u20ac<\/strong><\/td>\n<\/tr>\n<\/tbody>\n<\/table>\n<p>&nbsp;<\/p>\n<p><strong>100% Descompte als alumnes de Sensibilitzaci\u00f3, Cor de Ponent \u00a0<\/strong><strong>i Orquestra.<\/strong><\/p>\n<p><strong>\u00a0 50% Descompte als familiars directes.<\/strong><\/p>\n<p><strong><u>Descomptes<\/u><\/strong><strong><u>\u00a0preinscripci\u00f3\u00a0<\/u><\/strong><strong><u>del 5 al 16 de mar\u00e7.\u00a0<\/u><\/strong><\/p>\n<p><strong>100% &#8211; Alumnes que portin un nou alumne a l\u2019escola. <\/strong><\/p>\n<p><strong>\u00a0 60%\u00a0&#8211;\u00a0Alumnes que estan cursant \u00a0programa oficial.<\/strong><\/p>\n<p><strong>\u00a0 30%\u00a0&#8211;\u00a0Alumnes del programa lliure (amb assignatura de grup)<\/strong><\/p>\n<p><strong>\u00a0 15%\u00a0&#8211;\u00a0Alumnes del programa lliure (sense assignatura de grup)<\/strong><\/p>\n<p><strong>Confirmaci\u00f3 d\u2019horaris i matriculaci\u00f3:<\/strong><\/p>\n<p><strong>21 de maig:<\/strong>\u00a0alumnes preinscrits en el programa oficial.<\/p>\n<p><strong>28 de maig:<\/strong>\u00a0alumnes preinscrits en el programa lliure.<\/p>\n<p><strong>Tots aquells alumnes que no confirmin els horaris de la<\/strong><strong>\u00a0preinscripci\u00f3\u00a0<\/strong><strong>i no signin la matr\u00edcula en el termini marcat, perdran els horaris assignats. L\u2019escola disposar\u00e0 d\u2019aquests horaris per fer canvis o per preinscriure nous alumnes.<\/strong><\/p>\n<p><strong>Horaris de secretaria<\/strong><\/p>\n<table width=\"567\">\n<tbody>\n<tr>\n<td width=\"302\">Matins:<\/p>\n<p>de dilluns a dissabte de 10 a 14h<\/p>\n<p>C\/ Carme 15-17<\/p>\n<p>Tel: 93 301 07 18<\/td>\n<td width=\"265\">Tardes:<\/p>\n<p>de dilluns a divendres de 16 a 21 h<\/p>\n<p>C\/ Riera Alta 10, 43 i C\/ Carme 15-17<\/p>\n<p>Tel: 93 441 00 31<\/td>\n<\/tr>\n<\/tbody>\n<\/table>\n<p>&nbsp;<\/p>\n<p>L\u2019Escola aconsella seguir la programaci\u00f3 oficial que us adjuntem a continuaci\u00f3, i que s\u2019acreditar\u00e0 amb els seg\u00fcents diplomes:<\/p>\n<p><strong><u>Diploma acreditatiu de nivell elemental<\/u><\/strong><\/p>\n<p>Assignatures m\u00ednimes que s\u2019han de cursar per l\u2019obtenci\u00f3 del diploma:<\/p>\n<p>6 cursos d\u2019instrument<\/p>\n<p>6 cursos de llenguatge musical<\/p>\n<p>4 cursos: de grup instrumental o d\u2019orquestra.<\/p>\n<p><strong><u>Diploma acreditatiu de nivell professional (mitj\u00e0)<\/u><\/strong><\/p>\n<p>Assignatures m\u00ednimes que s\u2019han de cursar per l\u2019obtenci\u00f3 del diploma:<\/p>\n<p>6 cursos d\u2019instrument<\/p>\n<p>4 cursos de Llenguatge musical + 4 cursos d\u2019 harmonia<\/p>\n<p>2 cursos de dictat i harmonia aplicada a l\u2019an\u00e0lisi, l\u2019audici\u00f3 i la hist\u00f2ria de la m\u00fasica,\u00a0\u00a0 o d\u2019arranjaments i harmonia moderna<\/p>\n<p>6 cursos de cant coral, grup instrumental o orquestra.<\/p>\n<p>6 cursos de segon instrument<\/p>\n<p>Volem remarcar que aquesta programaci\u00f3 no \u00e9s obligat\u00f2ria. Malgrat tot, l\u2019escola considera que \u00e9s la millor opci\u00f3 \u00a0per aprendre b\u00e9 la m\u00fasica i tenir un bon nivell, si en el futur es vol cursar estudis superiors de m\u00fasica.<\/p>\n<p>L\u2019Escola dona l\u2019opci\u00f3 de seguir el projecte curricular per mitj\u00e0 d\u2019un programa lliure.<\/p>\n<p>L\u2019Escola es caracteritza per la seva flexibilitat, adaptant al m\u00e0xim possible la seva<\/p>\n<p>programaci\u00f3 curricular a les caracter\u00edstiques i necessitats particulars de cada alumne.<\/p>\n<p>Si teniu dubtes de com fer la\u00a0preinscripci\u00f3\u00a0o de quines assignatures matricular-vos, us podeu posar en contacte amb el professor\/a d\u2019instrument (tutor), amb secretaria o concretar una reuni\u00f3 individual amb direcci\u00f3. Tamb\u00e9 us adjuntem un dossier, on trobareu informaci\u00f3 de l\u2019Escola (ideari, programaci\u00f3, assignatures, professorat, activitats i d&#8217;altres).<\/p>\n<p>Per a qualsevol dubte, ens podeu trobar en els horaris habituals de secretaria:<\/p>\n<p>C\/ Carme 15-17<\/p>\n<p>Matins: de dilluns a divendres de 10 a 14 h<\/p>\n<p>Tardes: de dilluns a divendres de 16 a 21h<\/p>\n<p>Dissabte: de 9 a 14h<\/p>\n<p>Tel: 93 301 07 18<\/p>\n<p>&nbsp;<\/p>\n<p>C\/ Riera Alta 10 i 43<\/p>\n<p>Tardes: de dilluns a divendres\u00a0 de 16 a 21 h<\/p>\n<p>Tel: 93 441 00 31<\/p>\n<p>Cordialment,<\/p>\n<p>L\u2019Escola de M\u00fasics i Escola de M\u00fasica JPC<\/p>\n<p>&nbsp;<\/p>\n","protected":false},"excerpt":{"rendered":"<p>Benvolguts alumnes, mares i pares de l\u2019Escola de M\u00fasics i Escola de M\u00fasica JPC.<br \/>\nUs comuniquem que a partir del 5 de mar\u00e7 ja podreu fer la\u00a0preinscripci\u00f3\u00a0per al curs 2018-19.<br \/>\nUs fem arribar la normativa, dies i horaris de\u00a0preinscripci\u00f3\u00a0i matriculaci\u00f3.<br \/>\nUs informem que el dissabte 3 de mar\u00e7&hellip;  <a href=\"https:\/\/agora.xtec.cat\/escolademusicsijpc\/general\/matricula-2018-2019\/\" title=\"Read Matr\u00edcula 2018-2019\">Llegeix m\u00e9s\u00bb<\/a><\/p>\n","protected":false},"author":3,"featured_media":6504,"comment_status":"open","ping_status":"closed","sticky":false,"template":"","format":"standard","meta":{"_bbp_topic_count":0,"_bbp_reply_count":0,"_bbp_total_topic_count":0,"_bbp_total_reply_count":0,"_bbp_voice_count":0,"_bbp_anonymous_reply_count":0,"_bbp_topic_count_hidden":0,"_bbp_reply_count_hidden":0,"_bbp_forum_subforum_count":0,"footnotes":""},"categories":[1,104],"tags":[],"class_list":["post-6494","post","type-post","status-publish","format-standard","has-post-thumbnail","hentry","category-general","category-uncategorized"],"post_mailing_queue_ids":[],"_links":{"self":[{"href":"https:\/\/agora.xtec.cat\/escolademusicsijpc\/wp-json\/wp\/v2\/posts\/6494","targetHints":{"allow":["GET"]}}],"collection":[{"href":"https:\/\/agora.xtec.cat\/escolademusicsijpc\/wp-json\/wp\/v2\/posts"}],"about":[{"href":"https:\/\/agora.xtec.cat\/escolademusicsijpc\/wp-json\/wp\/v2\/types\/post"}],"author":[{"embeddable":true,"href":"https:\/\/agora.xtec.cat\/escolademusicsijpc\/wp-json\/wp\/v2\/users\/3"}],"replies":[{"embeddable":true,"href":"https:\/\/agora.xtec.cat\/escolademusicsijpc\/wp-json\/wp\/v2\/comments?post=6494"}],"version-history":[{"count":3,"href":"https:\/\/agora.xtec.cat\/escolademusicsijpc\/wp-json\/wp\/v2\/posts\/6494\/revisions"}],"predecessor-version":[{"id":6505,"href":"https:\/\/agora.xtec.cat\/escolademusicsijpc\/wp-json\/wp\/v2\/posts\/6494\/revisions\/6505"}],"wp:featuredmedia":[{"embeddable":true,"href":"https:\/\/agora.xtec.cat\/escolademusicsijpc\/wp-json\/wp\/v2\/media\/6504"}],"wp:attachment":[{"href":"https:\/\/agora.xtec.cat\/escolademusicsijpc\/wp-json\/wp\/v2\/media?parent=6494"}],"wp:term":[{"taxonomy":"category","embeddable":true,"href":"https:\/\/agora.xtec.cat\/escolademusicsijpc\/wp-json\/wp\/v2\/categories?post=6494"},{"taxonomy":"post_tag","embeddable":true,"href":"https:\/\/agora.xtec.cat\/escolademusicsijpc\/wp-json\/wp\/v2\/tags?post=6494"}],"curies":[{"name":"wp","href":"https:\/\/api.w.org\/{rel}","templated":true}]}}