{"id":6483,"date":"2018-02-23T16:32:21","date_gmt":"2018-02-23T15:32:21","guid":{"rendered":"http:\/\/agora.xtec.cat\/escolademusicsijpc\/?p=6483"},"modified":"2018-02-23T16:33:55","modified_gmt":"2018-02-23T15:33:55","slug":"lescola-de-musics-amb-els-llorers","status":"publish","type":"post","link":"https:\/\/agora.xtec.cat\/escolademusicsijpc\/general\/lescola-de-musics-amb-els-llorers\/","title":{"rendered":"L&#8217;Escola de M\u00fasics amb &#8220;Els Llorers&#8221;"},"content":{"rendered":"<p><iframe loading=\"lazy\" width=\"560\" height=\"315\" src=\"https:\/\/www.youtube.com\/embed\/7YFOdSEhyac\" frameborder=\"0\" allow=\"autoplay; encrypted-media\" allowfullscreen><\/iframe><\/p>\n<p>El passat divendres 16 de febrer, dins del projecte &#8220;Musiquem escoles&#8221; que realitza l&#8217;Escola de M\u00fasics amb &#8220;Els Llorers&#8221;, la coral de 1r i 2n de prim\u00e0ria va realitzar el seu primer concert a l&#8217;Auditori de Cal\u00e0bria 66. Els petits cantaires ho van donar tot! Moltes felicitats!<\/p>\n<p><a class=\"_58cn\" href=\"https:\/\/www.facebook.com\/hashtag\/somm%C3%BAsica?source=feed_text&amp;story_id=2013147665625048\"><span class=\"_5afx\"><span class=\"_58cl _5afz\">#<\/span><span class=\"_58cm\">SomM\u00fasica<\/span><\/span><\/a>\u00a0<a class=\"_58cn\" href=\"https:\/\/www.facebook.com\/hashtag\/escolallorers?source=feed_text&amp;story_id=2013147665625048\"><span class=\"_5afx\"><span class=\"_58cl _5afz\">#<\/span><span class=\"_58cm\">escolallorers<\/span><\/span><\/a>\u00a0<a class=\"_58cn\" href=\"https:\/\/www.facebook.com\/hashtag\/barcelona?source=feed_text&amp;story_id=2013147665625048\"><span class=\"_5afx\"><span class=\"_58cl _5afz\">#<\/span><span class=\"_58cm\">barcelona<\/span><\/span><\/a><a class=\"_58cn\" href=\"https:\/\/www.facebook.com\/hashtag\/musica?source=feed_text&amp;story_id=2013147665625048\"><span class=\"_5afx\"><span class=\"_58cl _5afz\">#<\/span><span class=\"_58cm\">musica<\/span><\/span><\/a>\u00a0<a class=\"_58cn\" href=\"https:\/\/www.facebook.com\/hashtag\/lem25?source=feed_text&amp;story_id=2013147665625048\"><span class=\"_5afx\"><span class=\"_58cl _5afz\">#<\/span><span class=\"_58cm\">LEM25<\/span><\/span><\/a><\/p>\n","protected":false},"excerpt":{"rendered":"<p>El passat divendres 16 de febrer, dins del projecte &#8220;Musiquem escoles&#8221; que realitza l&#8217;Escola de M\u00fasics amb &#8220;Els Llorers&#8221;, la coral de 1r i 2n de prim\u00e0ria va realitzar el seu primer concert a l&#8217;Auditori de Cal\u00e0bria 66. Els petits cantaires ho van donar tot!&hellip;  <a href=\"https:\/\/agora.xtec.cat\/escolademusicsijpc\/general\/lescola-de-musics-amb-els-llorers\/\" title=\"Read L&#8217;Escola de M\u00fasics amb &#8220;Els Llorers&#8221;\">Llegeix m\u00e9s\u00bb<\/a><\/p>\n","protected":false},"author":3,"featured_media":6484,"comment_status":"open","ping_status":"closed","sticky":false,"template":"","format":"standard","meta":{"_bbp_topic_count":0,"_bbp_reply_count":0,"_bbp_total_topic_count":0,"_bbp_total_reply_count":0,"_bbp_voice_count":0,"_bbp_anonymous_reply_count":0,"_bbp_topic_count_hidden":0,"_bbp_reply_count_hidden":0,"_bbp_forum_subforum_count":0,"footnotes":""},"categories":[66,1,104],"tags":[],"class_list":["post-6483","post","type-post","status-publish","format-standard","has-post-thumbnail","hentry","category-corals","category-general","category-uncategorized"],"post_mailing_queue_ids":[],"_links":{"self":[{"href":"https:\/\/agora.xtec.cat\/escolademusicsijpc\/wp-json\/wp\/v2\/posts\/6483","targetHints":{"allow":["GET"]}}],"collection":[{"href":"https:\/\/agora.xtec.cat\/escolademusicsijpc\/wp-json\/wp\/v2\/posts"}],"about":[{"href":"https:\/\/agora.xtec.cat\/escolademusicsijpc\/wp-json\/wp\/v2\/types\/post"}],"author":[{"embeddable":true,"href":"https:\/\/agora.xtec.cat\/escolademusicsijpc\/wp-json\/wp\/v2\/users\/3"}],"replies":[{"embeddable":true,"href":"https:\/\/agora.xtec.cat\/escolademusicsijpc\/wp-json\/wp\/v2\/comments?post=6483"}],"version-history":[{"count":3,"href":"https:\/\/agora.xtec.cat\/escolademusicsijpc\/wp-json\/wp\/v2\/posts\/6483\/revisions"}],"predecessor-version":[{"id":6487,"href":"https:\/\/agora.xtec.cat\/escolademusicsijpc\/wp-json\/wp\/v2\/posts\/6483\/revisions\/6487"}],"wp:featuredmedia":[{"embeddable":true,"href":"https:\/\/agora.xtec.cat\/escolademusicsijpc\/wp-json\/wp\/v2\/media\/6484"}],"wp:attachment":[{"href":"https:\/\/agora.xtec.cat\/escolademusicsijpc\/wp-json\/wp\/v2\/media?parent=6483"}],"wp:term":[{"taxonomy":"category","embeddable":true,"href":"https:\/\/agora.xtec.cat\/escolademusicsijpc\/wp-json\/wp\/v2\/categories?post=6483"},{"taxonomy":"post_tag","embeddable":true,"href":"https:\/\/agora.xtec.cat\/escolademusicsijpc\/wp-json\/wp\/v2\/tags?post=6483"}],"curies":[{"name":"wp","href":"https:\/\/api.w.org\/{rel}","templated":true}]}}