{"id":6454,"date":"2018-02-19T17:50:56","date_gmt":"2018-02-19T16:50:56","guid":{"rendered":"http:\/\/agora.xtec.cat\/escolademusicsijpc\/?p=6454"},"modified":"2018-02-19T17:50:56","modified_gmt":"2018-02-19T16:50:56","slug":"64e-concurs-maria-canals-i-pianos-al-carrer","status":"publish","type":"post","link":"https:\/\/agora.xtec.cat\/escolademusicsijpc\/general\/64e-concurs-maria-canals-i-pianos-al-carrer\/","title":{"rendered":"64\u00e8 Concurs Maria Canals i Pianos al Carrer"},"content":{"rendered":"<p><a href=\"http:\/\/agora.xtec.cat\/escolademusicsijpc\/wp-content\/uploads\/usu459\/2018\/02\/maria-canals.gif\"><img loading=\"lazy\" decoding=\"async\" class=\"alignright size-medium wp-image-6455\" src=\"http:\/\/agora.xtec.cat\/escolademusicsijpc\/wp-content\/uploads\/usu459\/2018\/02\/maria-canals-212x300.gif\" alt=\"\" width=\"212\" height=\"300\" \/><\/a>\u201cEls pianistes surten al carrer gr\u00e0cies al 64\u00e8 concurs del Maria Canals\u201d<\/p>\n<p>De nou sortirem al carrer a passejar els nostres dits pels pianos de cua per\u00f2 aquest cop encara la farem m\u00e9s grossa perqu\u00e8 hi estan convidats tots aquells duos o trios de l\u2019escola. Som m\u00fasica i\u00a0<span class=\"hiddenSpellError\">farem<\/span>\u00a0m\u00fasica!<\/p>\n<p>Tot aix\u00f2 ser\u00e0 el\u00a0pr\u00f2xim dissabte 10 de mar\u00e7 de 2018 de 12 h a 14 h al Passeig de gr\u00e0cia\u00a0n\u00fam.\u00a06.<br \/>\nActivitat gratu\u00efta per\u00f2 cal inscripci\u00f3.<\/p>\n","protected":false},"excerpt":{"rendered":"<p><a href=\"http:\/\/agora.xtec.cat\/escolademusicsijpc\/wp-content\/uploads\/usu459\/2018\/02\/maria-canals.gif\"><\/a>\u201cEls pianistes surten al carrer gr\u00e0cies al 64\u00e8 concurs del Maria Canals\u201d<br \/>\nDe nou sortirem al carrer a passejar els nostres dits pels pianos de cua per\u00f2 aquest cop encara la farem m\u00e9s grossa perqu\u00e8 hi estan convidats tots aquells duos o trios de l\u2019escola.&hellip;  <a href=\"https:\/\/agora.xtec.cat\/escolademusicsijpc\/general\/64e-concurs-maria-canals-i-pianos-al-carrer\/\" title=\"Read 64\u00e8 Concurs Maria Canals i Pianos al Carrer\">Llegeix m\u00e9s\u00bb<\/a><\/p>\n","protected":false},"author":3,"featured_media":6455,"comment_status":"open","ping_status":"closed","sticky":false,"template":"","format":"standard","meta":{"_bbp_topic_count":0,"_bbp_reply_count":0,"_bbp_total_topic_count":0,"_bbp_total_reply_count":0,"_bbp_voice_count":0,"_bbp_anonymous_reply_count":0,"_bbp_topic_count_hidden":0,"_bbp_reply_count_hidden":0,"_bbp_forum_subforum_count":0,"footnotes":""},"categories":[63,1,104],"tags":[],"class_list":["post-6454","post","type-post","status-publish","format-standard","has-post-thumbnail","hentry","category-concerts","category-general","category-uncategorized"],"post_mailing_queue_ids":[],"_links":{"self":[{"href":"https:\/\/agora.xtec.cat\/escolademusicsijpc\/wp-json\/wp\/v2\/posts\/6454","targetHints":{"allow":["GET"]}}],"collection":[{"href":"https:\/\/agora.xtec.cat\/escolademusicsijpc\/wp-json\/wp\/v2\/posts"}],"about":[{"href":"https:\/\/agora.xtec.cat\/escolademusicsijpc\/wp-json\/wp\/v2\/types\/post"}],"author":[{"embeddable":true,"href":"https:\/\/agora.xtec.cat\/escolademusicsijpc\/wp-json\/wp\/v2\/users\/3"}],"replies":[{"embeddable":true,"href":"https:\/\/agora.xtec.cat\/escolademusicsijpc\/wp-json\/wp\/v2\/comments?post=6454"}],"version-history":[{"count":1,"href":"https:\/\/agora.xtec.cat\/escolademusicsijpc\/wp-json\/wp\/v2\/posts\/6454\/revisions"}],"predecessor-version":[{"id":6456,"href":"https:\/\/agora.xtec.cat\/escolademusicsijpc\/wp-json\/wp\/v2\/posts\/6454\/revisions\/6456"}],"wp:featuredmedia":[{"embeddable":true,"href":"https:\/\/agora.xtec.cat\/escolademusicsijpc\/wp-json\/wp\/v2\/media\/6455"}],"wp:attachment":[{"href":"https:\/\/agora.xtec.cat\/escolademusicsijpc\/wp-json\/wp\/v2\/media?parent=6454"}],"wp:term":[{"taxonomy":"category","embeddable":true,"href":"https:\/\/agora.xtec.cat\/escolademusicsijpc\/wp-json\/wp\/v2\/categories?post=6454"},{"taxonomy":"post_tag","embeddable":true,"href":"https:\/\/agora.xtec.cat\/escolademusicsijpc\/wp-json\/wp\/v2\/tags?post=6454"}],"curies":[{"name":"wp","href":"https:\/\/api.w.org\/{rel}","templated":true}]}}