{"id":6296,"date":"2017-12-15T19:04:45","date_gmt":"2017-12-15T18:04:45","guid":{"rendered":"http:\/\/agora.xtec.cat\/escolademusicsijpc\/?p=6296"},"modified":"2018-01-16T18:37:06","modified_gmt":"2018-01-16T17:37:06","slug":"concert-powell-point-bcn","status":"publish","type":"post","link":"https:\/\/agora.xtec.cat\/escolademusicsijpc\/general\/concert-powell-point-bcn\/","title":{"rendered":"Concert Powell point BCN"},"content":{"rendered":"<p><iframe loading=\"lazy\" src=\"https:\/\/www.youtube.com\/embed\/c0srjW2UO5I\" width=\"560\" height=\"315\" frameborder=\"0\" allowfullscreen=\"allowfullscreen\"><\/iframe><\/p>\n<p>Carlos Cano Escrib\u00e1 (flauta) i Hern\u00e1n Milla (Piano), el 15 de desembre van fer una M\u00e0sters class a les 17h i un Concert a les 20 h a L\u2019Escola de M\u00fasics i JPC. Una oportunitat genial que hem tingut d\u2019escoltar a dos grans mestres i amb la seva excel\u00b7lent proposta musical.<\/p>\n","protected":false},"excerpt":{"rendered":"<p>Carlos Cano Escrib\u00e1 (flauta) i Hern\u00e1n Milla (Piano), el 15 de desembre van fer una M\u00e0sters class a les 17h i un Concert a les 20 h a L\u2019Escola de M\u00fasics i JPC. Una oportunitat genial que hem tingut d\u2019escoltar a dos grans mestres i&hellip;  <a href=\"https:\/\/agora.xtec.cat\/escolademusicsijpc\/general\/concert-powell-point-bcn\/\" title=\"Read Concert Powell point BCN\">Llegeix m\u00e9s\u00bb<\/a><\/p>\n","protected":false},"author":3,"featured_media":6298,"comment_status":"open","ping_status":"closed","sticky":false,"template":"","format":"standard","meta":{"_bbp_topic_count":0,"_bbp_reply_count":0,"_bbp_total_topic_count":0,"_bbp_total_reply_count":0,"_bbp_voice_count":0,"_bbp_anonymous_reply_count":0,"_bbp_topic_count_hidden":0,"_bbp_reply_count_hidden":0,"_bbp_forum_subforum_count":0,"footnotes":""},"categories":[1,69,104],"tags":[],"class_list":["post-6296","post","type-post","status-publish","format-standard","has-post-thumbnail","hentry","category-general","category-master-classes","category-uncategorized"],"post_mailing_queue_ids":[],"_links":{"self":[{"href":"https:\/\/agora.xtec.cat\/escolademusicsijpc\/wp-json\/wp\/v2\/posts\/6296","targetHints":{"allow":["GET"]}}],"collection":[{"href":"https:\/\/agora.xtec.cat\/escolademusicsijpc\/wp-json\/wp\/v2\/posts"}],"about":[{"href":"https:\/\/agora.xtec.cat\/escolademusicsijpc\/wp-json\/wp\/v2\/types\/post"}],"author":[{"embeddable":true,"href":"https:\/\/agora.xtec.cat\/escolademusicsijpc\/wp-json\/wp\/v2\/users\/3"}],"replies":[{"embeddable":true,"href":"https:\/\/agora.xtec.cat\/escolademusicsijpc\/wp-json\/wp\/v2\/comments?post=6296"}],"version-history":[{"count":1,"href":"https:\/\/agora.xtec.cat\/escolademusicsijpc\/wp-json\/wp\/v2\/posts\/6296\/revisions"}],"predecessor-version":[{"id":6297,"href":"https:\/\/agora.xtec.cat\/escolademusicsijpc\/wp-json\/wp\/v2\/posts\/6296\/revisions\/6297"}],"wp:featuredmedia":[{"embeddable":true,"href":"https:\/\/agora.xtec.cat\/escolademusicsijpc\/wp-json\/wp\/v2\/media\/6298"}],"wp:attachment":[{"href":"https:\/\/agora.xtec.cat\/escolademusicsijpc\/wp-json\/wp\/v2\/media?parent=6296"}],"wp:term":[{"taxonomy":"category","embeddable":true,"href":"https:\/\/agora.xtec.cat\/escolademusicsijpc\/wp-json\/wp\/v2\/categories?post=6296"},{"taxonomy":"post_tag","embeddable":true,"href":"https:\/\/agora.xtec.cat\/escolademusicsijpc\/wp-json\/wp\/v2\/tags?post=6296"}],"curies":[{"name":"wp","href":"https:\/\/api.w.org\/{rel}","templated":true}]}}