{"id":6290,"date":"2018-01-08T16:24:37","date_gmt":"2018-01-08T15:24:37","guid":{"rendered":"http:\/\/agora.xtec.cat\/escolademusicsijpc\/?p=6290"},"modified":"2018-01-17T17:45:46","modified_gmt":"2018-01-17T16:45:46","slug":"les-corals-canten-a-la-once","status":"publish","type":"post","link":"https:\/\/agora.xtec.cat\/escolademusicsijpc\/general\/les-corals-canten-a-la-once\/","title":{"rendered":"Les corals canten a la ONCE"},"content":{"rendered":"<p><a href=\"http:\/\/agora.xtec.cat\/escolademusicsijpc\/wp-content\/uploads\/usu459\/2018\/01\/once-1.gif\"><img loading=\"lazy\" decoding=\"async\" class=\"alignright size-medium wp-image-6293\" src=\"http:\/\/agora.xtec.cat\/escolademusicsijpc\/wp-content\/uploads\/usu459\/2018\/01\/once-1-212x300.gif\" alt=\"\" width=\"212\" height=\"300\" \/><\/a>Sons de Veu, Smiling, Musicals\u2019 Choir i la coral Rub\u00e9n Dar\u00edo participen a la V edici\u00f3 de corals infantils de les festes de Sant Antoni.<\/p>\n<ul>\n<li>20 i 21 de gener de 2018<\/li>\n<li>11 del mat\u00ed<\/li>\n<li>Gran V\u00eda de les Corts Catalanes 400<\/li>\n<\/ul>\n","protected":false},"excerpt":{"rendered":"<p><a href=\"http:\/\/agora.xtec.cat\/escolademusicsijpc\/wp-content\/uploads\/usu459\/2018\/01\/once-1.gif\"><\/a>Sons de Veu, Smiling, Musicals\u2019 Choir i la coral Rub\u00e9n Dar\u00edo participen a la V edici\u00f3 de corals infantils de les festes de Sant Antoni.<\/p>\n<ul>\n<li>20 i 21 de gener de 2018<\/li>\n<li>11 del mat\u00ed<\/li>\n<li>Gran V\u00eda de les Corts Catalanes 400<\/li>\n<\/ul>\n","protected":false},"author":3,"featured_media":6293,"comment_status":"open","ping_status":"closed","sticky":false,"template":"","format":"standard","meta":{"_bbp_topic_count":0,"_bbp_reply_count":0,"_bbp_total_topic_count":0,"_bbp_total_reply_count":0,"_bbp_voice_count":0,"_bbp_anonymous_reply_count":0,"_bbp_topic_count_hidden":0,"_bbp_reply_count_hidden":0,"_bbp_forum_subforum_count":0,"footnotes":""},"categories":[66,1,105,104],"tags":[],"class_list":["post-6290","post","type-post","status-publish","format-standard","has-post-thumbnail","hentry","category-corals","category-general","category-musicals-choir","category-uncategorized"],"post_mailing_queue_ids":[],"_links":{"self":[{"href":"https:\/\/agora.xtec.cat\/escolademusicsijpc\/wp-json\/wp\/v2\/posts\/6290","targetHints":{"allow":["GET"]}}],"collection":[{"href":"https:\/\/agora.xtec.cat\/escolademusicsijpc\/wp-json\/wp\/v2\/posts"}],"about":[{"href":"https:\/\/agora.xtec.cat\/escolademusicsijpc\/wp-json\/wp\/v2\/types\/post"}],"author":[{"embeddable":true,"href":"https:\/\/agora.xtec.cat\/escolademusicsijpc\/wp-json\/wp\/v2\/users\/3"}],"replies":[{"embeddable":true,"href":"https:\/\/agora.xtec.cat\/escolademusicsijpc\/wp-json\/wp\/v2\/comments?post=6290"}],"version-history":[{"count":2,"href":"https:\/\/agora.xtec.cat\/escolademusicsijpc\/wp-json\/wp\/v2\/posts\/6290\/revisions"}],"predecessor-version":[{"id":6294,"href":"https:\/\/agora.xtec.cat\/escolademusicsijpc\/wp-json\/wp\/v2\/posts\/6290\/revisions\/6294"}],"wp:featuredmedia":[{"embeddable":true,"href":"https:\/\/agora.xtec.cat\/escolademusicsijpc\/wp-json\/wp\/v2\/media\/6293"}],"wp:attachment":[{"href":"https:\/\/agora.xtec.cat\/escolademusicsijpc\/wp-json\/wp\/v2\/media?parent=6290"}],"wp:term":[{"taxonomy":"category","embeddable":true,"href":"https:\/\/agora.xtec.cat\/escolademusicsijpc\/wp-json\/wp\/v2\/categories?post=6290"},{"taxonomy":"post_tag","embeddable":true,"href":"https:\/\/agora.xtec.cat\/escolademusicsijpc\/wp-json\/wp\/v2\/tags?post=6290"}],"curies":[{"name":"wp","href":"https:\/\/api.w.org\/{rel}","templated":true}]}}