{"id":6285,"date":"2017-12-26T18:41:42","date_gmt":"2017-12-26T17:41:42","guid":{"rendered":"http:\/\/agora.xtec.cat\/escolademusicsijpc\/?p=6285"},"modified":"2017-12-11T18:42:55","modified_gmt":"2017-12-11T17:42:55","slug":"projecte-barris-en-dansa","status":"publish","type":"post","link":"https:\/\/agora.xtec.cat\/escolademusicsijpc\/general\/projecte-barris-en-dansa\/","title":{"rendered":"Projecte Barris en Dansa"},"content":{"rendered":"<div class=\"qQVYZb\"><a href=\"http:\/\/agora.xtec.cat\/escolademusicsijpc\/wp-content\/uploads\/usu459\/2017\/12\/dansa.gif\"><img loading=\"lazy\" decoding=\"async\" class=\"alignright size-medium wp-image-6286\" src=\"http:\/\/agora.xtec.cat\/escolademusicsijpc\/wp-content\/uploads\/usu459\/2017\/12\/dansa-212x300.gif\" alt=\"\" width=\"212\" height=\"300\" \/><\/a>Estem molt contents de participar en el Projecte &#8220;Barris en Dansa&#8221; amb tres formacions d&#8217;alumnes de l&#8217;escola, D\u00fao Hemi\u00f2lia, The Basement i Musicals&#8217; Choir, que juntament amb un centenar de voluntaris preparen un espectacle de m\u00fasica i dansa que durant el mes de gener i febrer omplir\u00e0 diversos espais teatrals de Barcelona.<\/div>\n<div><\/div>\n<div class=\"qQVYZb\">Ja us anirem informant!<\/div>\n<ul>\n<li><strong>Gener:<\/strong><\/li>\n<li>dissabte 20 a les 20h al Teatre Joventut<\/li>\n<li>dissabte 27 a les 20h CCCB<\/li>\n<li><strong>Febrer:<\/strong><\/li>\n<li>diumenge 4 a les 18h Ateneu popular Nou Barris<\/li>\n<li>dissabte 17 a les 19h La Caldera<\/li>\n<li>diumenge 18 a les 18h La Caldera<\/li>\n<li>dissabte 24 a les 18h Sala Ovidi Montllor (Mercat de les Flors)<\/li>\n<\/ul>\n<p>&nbsp;<\/p>\n","protected":false},"excerpt":{"rendered":"<p><a href=\"http:\/\/agora.xtec.cat\/escolademusicsijpc\/wp-content\/uploads\/usu459\/2017\/12\/dansa.gif\"><\/a>Estem molt contents de participar en el Projecte &#8220;Barris en Dansa&#8221; amb tres formacions d&#8217;alumnes de l&#8217;escola, D\u00fao Hemi\u00f2lia, The Basement i Musicals&#8217; Choir, que juntament amb un centenar de voluntaris preparen un espectacle de m\u00fasica i dansa que durant el mes de gener&hellip;  <a href=\"https:\/\/agora.xtec.cat\/escolademusicsijpc\/general\/projecte-barris-en-dansa\/\" title=\"Read Projecte Barris en Dansa\">Llegeix m\u00e9s\u00bb<\/a><\/p>\n","protected":false},"author":3,"featured_media":6286,"comment_status":"open","ping_status":"closed","sticky":false,"template":"","format":"standard","meta":{"_bbp_topic_count":0,"_bbp_reply_count":0,"_bbp_total_topic_count":0,"_bbp_total_reply_count":0,"_bbp_voice_count":0,"_bbp_anonymous_reply_count":0,"_bbp_topic_count_hidden":0,"_bbp_reply_count_hidden":0,"_bbp_forum_subforum_count":0,"footnotes":""},"categories":[63,1,69,104],"tags":[],"class_list":["post-6285","post","type-post","status-publish","format-standard","has-post-thumbnail","hentry","category-concerts","category-general","category-master-classes","category-uncategorized"],"post_mailing_queue_ids":[],"_links":{"self":[{"href":"https:\/\/agora.xtec.cat\/escolademusicsijpc\/wp-json\/wp\/v2\/posts\/6285","targetHints":{"allow":["GET"]}}],"collection":[{"href":"https:\/\/agora.xtec.cat\/escolademusicsijpc\/wp-json\/wp\/v2\/posts"}],"about":[{"href":"https:\/\/agora.xtec.cat\/escolademusicsijpc\/wp-json\/wp\/v2\/types\/post"}],"author":[{"embeddable":true,"href":"https:\/\/agora.xtec.cat\/escolademusicsijpc\/wp-json\/wp\/v2\/users\/3"}],"replies":[{"embeddable":true,"href":"https:\/\/agora.xtec.cat\/escolademusicsijpc\/wp-json\/wp\/v2\/comments?post=6285"}],"version-history":[{"count":2,"href":"https:\/\/agora.xtec.cat\/escolademusicsijpc\/wp-json\/wp\/v2\/posts\/6285\/revisions"}],"predecessor-version":[{"id":6289,"href":"https:\/\/agora.xtec.cat\/escolademusicsijpc\/wp-json\/wp\/v2\/posts\/6285\/revisions\/6289"}],"wp:featuredmedia":[{"embeddable":true,"href":"https:\/\/agora.xtec.cat\/escolademusicsijpc\/wp-json\/wp\/v2\/media\/6286"}],"wp:attachment":[{"href":"https:\/\/agora.xtec.cat\/escolademusicsijpc\/wp-json\/wp\/v2\/media?parent=6285"}],"wp:term":[{"taxonomy":"category","embeddable":true,"href":"https:\/\/agora.xtec.cat\/escolademusicsijpc\/wp-json\/wp\/v2\/categories?post=6285"},{"taxonomy":"post_tag","embeddable":true,"href":"https:\/\/agora.xtec.cat\/escolademusicsijpc\/wp-json\/wp\/v2\/tags?post=6285"}],"curies":[{"name":"wp","href":"https:\/\/api.w.org\/{rel}","templated":true}]}}