{"id":6282,"date":"2017-12-11T18:40:27","date_gmt":"2017-12-11T17:40:27","guid":{"rendered":"http:\/\/agora.xtec.cat\/escolademusicsijpc\/?p=6282"},"modified":"2017-12-11T18:40:27","modified_gmt":"2017-12-11T17:40:27","slug":"cantada-de-nadales-3","status":"publish","type":"post","link":"https:\/\/agora.xtec.cat\/escolademusicsijpc\/concerts\/cantada-de-nadales-3\/","title":{"rendered":"Cantada de Nadales"},"content":{"rendered":"<div><a href=\"http:\/\/agora.xtec.cat\/escolademusicsijpc\/wp-content\/uploads\/usu459\/2017\/12\/cantada.gif\"><img loading=\"lazy\" decoding=\"async\" class=\"alignright size-medium wp-image-6283\" src=\"http:\/\/agora.xtec.cat\/escolademusicsijpc\/wp-content\/uploads\/usu459\/2017\/12\/cantada-212x300.gif\" alt=\"\" width=\"212\" height=\"300\" \/><\/a>Alumnes, m\u00fasics, fam\u00edlia: comparteix amb nosaltres una tradici\u00f3 molt bonica!<\/div>\n<div>Vine a cantar a la rua les nadales de sempre i les de m\u00e9s modernes!<\/div>\n<div>Per acabar farem una gran xocolatada amb melindros!<\/div>\n<div>Dimarts 19 de desembre de 2017 a les 18h.<\/div>\n<div>Principi Palau de la Virreina, final Riera alta n\u00ba10.<\/div>\n<div>Celebra el Nadal amb l\u2019Escola de M\u00fasics!<\/div>\n<div>Apunta\u2019t a secretaria.<\/div>\n","protected":false},"excerpt":{"rendered":"<p><a href=\"http:\/\/agora.xtec.cat\/escolademusicsijpc\/wp-content\/uploads\/usu459\/2017\/12\/cantada.gif\"><\/a>Alumnes, m\u00fasics, fam\u00edlia: comparteix amb nosaltres una tradici\u00f3 molt bonica!<br \/>\nVine a cantar a la rua les nadales de sempre i les de m\u00e9s modernes!<br \/>\nPer acabar farem una gran xocolatada amb melindros!<br \/>\nDimarts 19 de desembre de 2017 a les 18h.<br \/>\nPrincipi Palau de la Virreina, final&hellip;  <a href=\"https:\/\/agora.xtec.cat\/escolademusicsijpc\/concerts\/cantada-de-nadales-3\/\" title=\"Read Cantada de Nadales\">Llegeix m\u00e9s\u00bb<\/a><\/p>\n","protected":false},"author":3,"featured_media":6283,"comment_status":"open","ping_status":"closed","sticky":false,"template":"","format":"standard","meta":{"_bbp_topic_count":0,"_bbp_reply_count":0,"_bbp_total_topic_count":0,"_bbp_total_reply_count":0,"_bbp_voice_count":0,"_bbp_anonymous_reply_count":0,"_bbp_topic_count_hidden":0,"_bbp_reply_count_hidden":0,"_bbp_forum_subforum_count":0,"footnotes":""},"categories":[63,104],"tags":[],"class_list":["post-6282","post","type-post","status-publish","format-standard","has-post-thumbnail","hentry","category-concerts","category-uncategorized"],"post_mailing_queue_ids":[],"_links":{"self":[{"href":"https:\/\/agora.xtec.cat\/escolademusicsijpc\/wp-json\/wp\/v2\/posts\/6282","targetHints":{"allow":["GET"]}}],"collection":[{"href":"https:\/\/agora.xtec.cat\/escolademusicsijpc\/wp-json\/wp\/v2\/posts"}],"about":[{"href":"https:\/\/agora.xtec.cat\/escolademusicsijpc\/wp-json\/wp\/v2\/types\/post"}],"author":[{"embeddable":true,"href":"https:\/\/agora.xtec.cat\/escolademusicsijpc\/wp-json\/wp\/v2\/users\/3"}],"replies":[{"embeddable":true,"href":"https:\/\/agora.xtec.cat\/escolademusicsijpc\/wp-json\/wp\/v2\/comments?post=6282"}],"version-history":[{"count":1,"href":"https:\/\/agora.xtec.cat\/escolademusicsijpc\/wp-json\/wp\/v2\/posts\/6282\/revisions"}],"predecessor-version":[{"id":6284,"href":"https:\/\/agora.xtec.cat\/escolademusicsijpc\/wp-json\/wp\/v2\/posts\/6282\/revisions\/6284"}],"wp:featuredmedia":[{"embeddable":true,"href":"https:\/\/agora.xtec.cat\/escolademusicsijpc\/wp-json\/wp\/v2\/media\/6283"}],"wp:attachment":[{"href":"https:\/\/agora.xtec.cat\/escolademusicsijpc\/wp-json\/wp\/v2\/media?parent=6282"}],"wp:term":[{"taxonomy":"category","embeddable":true,"href":"https:\/\/agora.xtec.cat\/escolademusicsijpc\/wp-json\/wp\/v2\/categories?post=6282"},{"taxonomy":"post_tag","embeddable":true,"href":"https:\/\/agora.xtec.cat\/escolademusicsijpc\/wp-json\/wp\/v2\/tags?post=6282"}],"curies":[{"name":"wp","href":"https:\/\/api.w.org\/{rel}","templated":true}]}}