{"id":6254,"date":"2017-11-29T18:49:33","date_gmt":"2017-11-29T17:49:33","guid":{"rendered":"http:\/\/agora.xtec.cat\/escolademusicsijpc\/?p=6254"},"modified":"2017-11-29T18:49:33","modified_gmt":"2017-11-29T17:49:33","slug":"cantem-el-messies","status":"publish","type":"post","link":"https:\/\/agora.xtec.cat\/escolademusicsijpc\/general\/cantem-el-messies\/","title":{"rendered":"Cantem el Messies"},"content":{"rendered":"<p><a href=\"http:\/\/agora.xtec.cat\/escolademusicsijpc\/wp-content\/uploads\/usu459\/2017\/11\/Captura-de-pantalla-2017-11-28-a-las-23.30.02.png\"><img loading=\"lazy\" decoding=\"async\" class=\"alignright size-medium wp-image-6255\" src=\"http:\/\/agora.xtec.cat\/escolademusicsijpc\/wp-content\/uploads\/usu459\/2017\/11\/Captura-de-pantalla-2017-11-28-a-las-23.30.02-300x122.png\" alt=\"\" width=\"300\" height=\"122\" srcset=\"https:\/\/agora.xtec.cat\/escolademusicsijpc\/wp-content\/uploads\/usu459\/2017\/11\/Captura-de-pantalla-2017-11-28-a-las-23.30.02-300x122.png 300w, https:\/\/agora.xtec.cat\/escolademusicsijpc\/wp-content\/uploads\/usu459\/2017\/11\/Captura-de-pantalla-2017-11-28-a-las-23.30.02.png 640w\" sizes=\"auto, (max-width: 300px) 100vw, 300px\" \/><\/a>El concert familiar de\u00a0<em>El Messies<\/em>\u00a0de H\u00e4ndel ofereix l\u2019oportunitat de gaudir d\u2019alguns dels fragments m\u00e9s emblem\u00e0tics d\u2019aquest oratori i d\u2019apropar als m\u00e9s joves a la m\u00fasica cl\u00e0ssica en un entorn excepcional com el Palau de la M\u00fasica Catalana.<\/p>\n<p>Aquest any l\u2019Escola de M\u00fasics i JPC participa amb dos cors, els Musicals\u2019\u00a0Choir i els alumnes del Institut del Pau Claris, on treballem di\u00e0riament per potenciar la m\u00fasica dins les escoles.<\/p>\n","protected":false},"excerpt":{"rendered":"<p><a href=\"http:\/\/agora.xtec.cat\/escolademusicsijpc\/wp-content\/uploads\/usu459\/2017\/11\/Captura-de-pantalla-2017-11-28-a-las-23.30.02.png\"><\/a>El concert familiar de\u00a0El Messies\u00a0de H\u00e4ndel ofereix l\u2019oportunitat de gaudir d\u2019alguns dels fragments m\u00e9s emblem\u00e0tics d\u2019aquest oratori i d\u2019apropar als m\u00e9s joves a la m\u00fasica cl\u00e0ssica en un entorn excepcional com el Palau de la M\u00fasica Catalana.<br \/>\nAquest any l\u2019Escola de M\u00fasics i JPC participa&hellip;  <a href=\"https:\/\/agora.xtec.cat\/escolademusicsijpc\/general\/cantem-el-messies\/\" title=\"Read Cantem el Messies\">Llegeix m\u00e9s\u00bb<\/a><\/p>\n","protected":false},"author":3,"featured_media":6255,"comment_status":"open","ping_status":"closed","sticky":false,"template":"","format":"standard","meta":{"_bbp_topic_count":0,"_bbp_reply_count":0,"_bbp_total_topic_count":0,"_bbp_total_reply_count":0,"_bbp_voice_count":0,"_bbp_anonymous_reply_count":0,"_bbp_topic_count_hidden":0,"_bbp_reply_count_hidden":0,"_bbp_forum_subforum_count":0,"footnotes":""},"categories":[63,66,1,104],"tags":[],"class_list":["post-6254","post","type-post","status-publish","format-standard","has-post-thumbnail","hentry","category-concerts","category-corals","category-general","category-uncategorized"],"post_mailing_queue_ids":[],"_links":{"self":[{"href":"https:\/\/agora.xtec.cat\/escolademusicsijpc\/wp-json\/wp\/v2\/posts\/6254","targetHints":{"allow":["GET"]}}],"collection":[{"href":"https:\/\/agora.xtec.cat\/escolademusicsijpc\/wp-json\/wp\/v2\/posts"}],"about":[{"href":"https:\/\/agora.xtec.cat\/escolademusicsijpc\/wp-json\/wp\/v2\/types\/post"}],"author":[{"embeddable":true,"href":"https:\/\/agora.xtec.cat\/escolademusicsijpc\/wp-json\/wp\/v2\/users\/3"}],"replies":[{"embeddable":true,"href":"https:\/\/agora.xtec.cat\/escolademusicsijpc\/wp-json\/wp\/v2\/comments?post=6254"}],"version-history":[{"count":2,"href":"https:\/\/agora.xtec.cat\/escolademusicsijpc\/wp-json\/wp\/v2\/posts\/6254\/revisions"}],"predecessor-version":[{"id":6257,"href":"https:\/\/agora.xtec.cat\/escolademusicsijpc\/wp-json\/wp\/v2\/posts\/6254\/revisions\/6257"}],"wp:featuredmedia":[{"embeddable":true,"href":"https:\/\/agora.xtec.cat\/escolademusicsijpc\/wp-json\/wp\/v2\/media\/6255"}],"wp:attachment":[{"href":"https:\/\/agora.xtec.cat\/escolademusicsijpc\/wp-json\/wp\/v2\/media?parent=6254"}],"wp:term":[{"taxonomy":"category","embeddable":true,"href":"https:\/\/agora.xtec.cat\/escolademusicsijpc\/wp-json\/wp\/v2\/categories?post=6254"},{"taxonomy":"post_tag","embeddable":true,"href":"https:\/\/agora.xtec.cat\/escolademusicsijpc\/wp-json\/wp\/v2\/tags?post=6254"}],"curies":[{"name":"wp","href":"https:\/\/api.w.org\/{rel}","templated":true}]}}