{"id":6246,"date":"2017-11-29T18:45:24","date_gmt":"2017-11-29T17:45:24","guid":{"rendered":"http:\/\/agora.xtec.cat\/escolademusicsijpc\/?p=6246"},"modified":"2017-11-29T18:46:22","modified_gmt":"2017-11-29T17:46:22","slug":"tangos-per-la-marato-de-tv3","status":"publish","type":"post","link":"https:\/\/agora.xtec.cat\/escolademusicsijpc\/general\/tangos-per-la-marato-de-tv3\/","title":{"rendered":"Tangos per La Marat\u00f3 de TV3"},"content":{"rendered":"<p><a href=\"http:\/\/agora.xtec.cat\/escolademusicsijpc\/wp-content\/uploads\/usu459\/2017\/11\/macba.gif\"><img loading=\"lazy\" decoding=\"async\" class=\"alignright size-medium wp-image-6247\" src=\"http:\/\/agora.xtec.cat\/escolademusicsijpc\/wp-content\/uploads\/usu459\/2017\/11\/macba-212x300.gif\" alt=\"\" width=\"212\" height=\"300\" \/><\/a>La Marat\u00f3 de TV3, dedica l\u2019edici\u00f3 d\u2019enguany, a les malalties infeccioses.<\/p>\n<p>El quartet de violoncels Les\u00a0<span class=\"hiddenSpellError\">Mademoicelli<\/span>, els grups de violoncels\u00a0<span class=\"hiddenSpellError\">GRUPCELLO<\/span><span class=\"hiddenGrammarError\">.CAT<\/span>\u00a0amb\u00a0<span class=\"hiddenSpellError\">col\u2022laboraci\u00f3<\/span>\u00a0amb el MACBA i L\u2019Escola de M\u00fasics i\u00a0<span class=\"hiddenSpellError\">JPC<\/span>, uniran les seves forces per oferir un concert ben\u00e8fic, la recaptaci\u00f3 del qual, es destinar\u00e0 a La Marat\u00f3 de TV3.<\/p>\n<p>Seguint la l\u00ednia dels espectacles de Les\u00a0<span class=\"hiddenSpellError\">Mademoicelli<\/span>\u00a0i juntament amb els dos ensembles de\u00a0<span class=\"hiddenSpellError\">GRUPCELLO<\/span><span class=\"hiddenGrammarError\">.CAT<\/span>,\u00a0s\u2019interpretar\u00e0\u00a0un programa atractiu que gira al voltant del tango on es podran escoltar obres conegudes de Piazzolla,\u00a0<span class=\"hiddenSpellError\">Gardel<\/span>\u00a0o Alb\u00e9niz, entre\u00a0d\u2019altres, com Por una\u00a0<span class=\"hiddenSpellError\">cabeza<\/span>,\u00a0<span class=\"hiddenSpellError\">Oblivi\u00f3n<\/span>\u00a0o\u00a0<span class=\"hiddenSpellError\">Libertango<\/span>.<\/p>\n<p>El concert tindr\u00e0 lloc el\u00a0pr\u00f2xim<\/p>\n<ul>\n<li>10\u00a0de desembre de 2017<\/li>\n<li>a les 12:30\u202fh\u00a0a l\u2019Atri del MACBA (pla\u00e7a\u00a0dels \u00c0ngels, 1, Barcelona).<\/li>\n<li>El preu de\u00a0l\u2019entrada\u00a0ser\u00e0 lliure, i la recaptaci\u00f3 es destinar\u00e0 \u00edntegrament a La Marat\u00f3 de TV3.<\/li>\n<li>El MACBA, adherit a la causa,\u00a0col\u00b7labora\u00a0cedint\u00a0l\u2019espai\u00a0i facilitant\u00a0l\u2019entrada\u00a0gratu\u00efta al centre.<\/li>\n<li>L\u2019Atri del museu es convertir\u00e0 en sala de concerts permetent-nos gaudir\u00a0d\u2019aquest\u00a0espectacle ben\u00e8fic, \u00fanic i en un context immillorable.<\/li>\n<\/ul>\n<div id=\"jp-post-flair\" class=\"sharedaddy sd-like-enabled sd-sharing-enabled\"><\/div>\n","protected":false},"excerpt":{"rendered":"<p><a href=\"http:\/\/agora.xtec.cat\/escolademusicsijpc\/wp-content\/uploads\/usu459\/2017\/11\/macba.gif\"><\/a>La Marat\u00f3 de TV3, dedica l\u2019edici\u00f3 d\u2019enguany, a les malalties infeccioses.<br \/>\nEl quartet de violoncels Les\u00a0Mademoicelli, els grups de violoncels\u00a0GRUPCELLO.CAT\u00a0amb\u00a0col\u2022laboraci\u00f3\u00a0amb el MACBA i L\u2019Escola de M\u00fasics i\u00a0JPC, uniran les seves forces per oferir un concert ben\u00e8fic, la recaptaci\u00f3 del qual, es destinar\u00e0 a La Marat\u00f3&hellip;  <a href=\"https:\/\/agora.xtec.cat\/escolademusicsijpc\/general\/tangos-per-la-marato-de-tv3\/\" title=\"Read Tangos per La Marat\u00f3 de TV3\">Llegeix m\u00e9s\u00bb<\/a><\/p>\n","protected":false},"author":3,"featured_media":6247,"comment_status":"open","ping_status":"closed","sticky":false,"template":"","format":"standard","meta":{"_bbp_topic_count":0,"_bbp_reply_count":0,"_bbp_total_topic_count":0,"_bbp_total_reply_count":0,"_bbp_voice_count":0,"_bbp_anonymous_reply_count":0,"_bbp_topic_count_hidden":0,"_bbp_reply_count_hidden":0,"_bbp_forum_subforum_count":0,"footnotes":""},"categories":[63,1,104],"tags":[],"class_list":["post-6246","post","type-post","status-publish","format-standard","has-post-thumbnail","hentry","category-concerts","category-general","category-uncategorized"],"post_mailing_queue_ids":[],"_links":{"self":[{"href":"https:\/\/agora.xtec.cat\/escolademusicsijpc\/wp-json\/wp\/v2\/posts\/6246","targetHints":{"allow":["GET"]}}],"collection":[{"href":"https:\/\/agora.xtec.cat\/escolademusicsijpc\/wp-json\/wp\/v2\/posts"}],"about":[{"href":"https:\/\/agora.xtec.cat\/escolademusicsijpc\/wp-json\/wp\/v2\/types\/post"}],"author":[{"embeddable":true,"href":"https:\/\/agora.xtec.cat\/escolademusicsijpc\/wp-json\/wp\/v2\/users\/3"}],"replies":[{"embeddable":true,"href":"https:\/\/agora.xtec.cat\/escolademusicsijpc\/wp-json\/wp\/v2\/comments?post=6246"}],"version-history":[{"count":2,"href":"https:\/\/agora.xtec.cat\/escolademusicsijpc\/wp-json\/wp\/v2\/posts\/6246\/revisions"}],"predecessor-version":[{"id":6249,"href":"https:\/\/agora.xtec.cat\/escolademusicsijpc\/wp-json\/wp\/v2\/posts\/6246\/revisions\/6249"}],"wp:featuredmedia":[{"embeddable":true,"href":"https:\/\/agora.xtec.cat\/escolademusicsijpc\/wp-json\/wp\/v2\/media\/6247"}],"wp:attachment":[{"href":"https:\/\/agora.xtec.cat\/escolademusicsijpc\/wp-json\/wp\/v2\/media?parent=6246"}],"wp:term":[{"taxonomy":"category","embeddable":true,"href":"https:\/\/agora.xtec.cat\/escolademusicsijpc\/wp-json\/wp\/v2\/categories?post=6246"},{"taxonomy":"post_tag","embeddable":true,"href":"https:\/\/agora.xtec.cat\/escolademusicsijpc\/wp-json\/wp\/v2\/tags?post=6246"}],"curies":[{"name":"wp","href":"https:\/\/api.w.org\/{rel}","templated":true}]}}