{"id":6233,"date":"2017-11-24T19:16:38","date_gmt":"2017-11-24T18:16:38","guid":{"rendered":"http:\/\/agora.xtec.cat\/escolademusicsijpc\/?p=6233"},"modified":"2017-11-24T19:17:13","modified_gmt":"2017-11-24T18:17:13","slug":"classes-de-cant-coral-al-ceip-llorers","status":"publish","type":"post","link":"https:\/\/agora.xtec.cat\/escolademusicsijpc\/general\/classes-de-cant-coral-al-ceip-llorers\/","title":{"rendered":"Classes de cant coral al CEIP Llorers"},"content":{"rendered":"<p>Divendres passat a l&#8217; escola\u00a0<a class=\"profileLink\" href=\"https:\/\/www.facebook.com\/pages\/CEIP-Llorers\/193051467401386?fref=mentions\">CEIP Llorers<\/a>\u00a0van comen\u00e7ar les classes de cant coral, aquest \u00e9s un projecte que es fa conjuntament amb l&#8217; Escola de M\u00fasics.<\/p>\n<p><a href=\"http:\/\/agora.xtec.cat\/escolademusicsijpc\/general\/classes-de-cant-coral-al-ceip-llorers\/attachment\/23722311_1968083670131448_2579371849912333664_n\/\" rel=\"attachment wp-att-6235\"><img loading=\"lazy\" decoding=\"async\" class=\"size-medium wp-image-6235 alignleft\" src=\"http:\/\/agora.xtec.cat\/escolademusicsijpc\/wp-content\/uploads\/usu459\/2017\/11\/23722311_1968083670131448_2579371849912333664_n-300x168.jpg\" alt=\"\" width=\"300\" height=\"168\" srcset=\"https:\/\/agora.xtec.cat\/escolademusicsijpc\/wp-content\/uploads\/usu459\/2017\/11\/23722311_1968083670131448_2579371849912333664_n-300x168.jpg 300w, https:\/\/agora.xtec.cat\/escolademusicsijpc\/wp-content\/uploads\/usu459\/2017\/11\/23722311_1968083670131448_2579371849912333664_n-768x430.jpg 768w, https:\/\/agora.xtec.cat\/escolademusicsijpc\/wp-content\/uploads\/usu459\/2017\/11\/23722311_1968083670131448_2579371849912333664_n.jpg 960w\" sizes=\"auto, (max-width: 300px) 100vw, 300px\" \/><\/a> <a href=\"http:\/\/agora.xtec.cat\/escolademusicsijpc\/general\/classes-de-cant-coral-al-ceip-llorers\/attachment\/23722513_1968083666798115_8888587765907181539_n\/\" rel=\"attachment wp-att-6236\"><img loading=\"lazy\" decoding=\"async\" class=\"size-medium wp-image-6236 alignleft\" src=\"http:\/\/agora.xtec.cat\/escolademusicsijpc\/wp-content\/uploads\/usu459\/2017\/11\/23722513_1968083666798115_8888587765907181539_n-300x169.jpg\" alt=\"\" width=\"300\" height=\"169\" srcset=\"https:\/\/agora.xtec.cat\/escolademusicsijpc\/wp-content\/uploads\/usu459\/2017\/11\/23722513_1968083666798115_8888587765907181539_n-300x169.jpg 300w, https:\/\/agora.xtec.cat\/escolademusicsijpc\/wp-content\/uploads\/usu459\/2017\/11\/23722513_1968083666798115_8888587765907181539_n-768x432.jpg 768w, https:\/\/agora.xtec.cat\/escolademusicsijpc\/wp-content\/uploads\/usu459\/2017\/11\/23722513_1968083666798115_8888587765907181539_n.jpg 960w\" sizes=\"auto, (max-width: 300px) 100vw, 300px\" \/><\/a><a href=\"http:\/\/agora.xtec.cat\/escolademusicsijpc\/general\/classes-de-cant-coral-al-ceip-llorers\/attachment\/23659138_1968083690131446_6880065895008947308_n\/\" rel=\"attachment wp-att-6234\"><img loading=\"lazy\" decoding=\"async\" class=\"size-medium wp-image-6234 alignleft\" src=\"http:\/\/agora.xtec.cat\/escolademusicsijpc\/wp-content\/uploads\/usu459\/2017\/11\/23659138_1968083690131446_6880065895008947308_n-300x225.jpg\" alt=\"\" width=\"300\" height=\"225\" srcset=\"https:\/\/agora.xtec.cat\/escolademusicsijpc\/wp-content\/uploads\/usu459\/2017\/11\/23659138_1968083690131446_6880065895008947308_n-300x225.jpg 300w, https:\/\/agora.xtec.cat\/escolademusicsijpc\/wp-content\/uploads\/usu459\/2017\/11\/23659138_1968083690131446_6880065895008947308_n-768x576.jpg 768w, https:\/\/agora.xtec.cat\/escolademusicsijpc\/wp-content\/uploads\/usu459\/2017\/11\/23659138_1968083690131446_6880065895008947308_n-200x150.jpg 200w, https:\/\/agora.xtec.cat\/escolademusicsijpc\/wp-content\/uploads\/usu459\/2017\/11\/23659138_1968083690131446_6880065895008947308_n.jpg 960w\" sizes=\"auto, (max-width: 300px) 100vw, 300px\" \/><\/a><\/p>\n","protected":false},"excerpt":{"rendered":"<p>Divendres passat a l&#8217; escola\u00a0<a class=\"profileLink\" href=\"https:\/\/www.facebook.com\/pages\/CEIP-Llorers\/193051467401386?fref=mentions\">CEIP Llorers<\/a>\u00a0van comen\u00e7ar les classes de cant coral, aquest \u00e9s un projecte que es fa conjuntament amb l&#8217; Escola de M\u00fasics.<br \/>\n<a href=\"http:\/\/agora.xtec.cat\/escolademusicsijpc\/general\/classes-de-cant-coral-al-ceip-llorers\/attachment\/23722311_1968083670131448_2579371849912333664_n\/\" rel=\"attachment wp-att-6235\"><\/a> <a href=\"http:\/\/agora.xtec.cat\/escolademusicsijpc\/general\/classes-de-cant-coral-al-ceip-llorers\/attachment\/23722513_1968083666798115_8888587765907181539_n\/\" rel=\"attachment wp-att-6236\"><\/a><a href=\"http:\/\/agora.xtec.cat\/escolademusicsijpc\/general\/classes-de-cant-coral-al-ceip-llorers\/attachment\/23659138_1968083690131446_6880065895008947308_n\/\" rel=\"attachment wp-att-6234\"><\/a><\/p>\n","protected":false},"author":3,"featured_media":6234,"comment_status":"open","ping_status":"closed","sticky":false,"template":"","format":"standard","meta":{"_bbp_topic_count":0,"_bbp_reply_count":0,"_bbp_total_topic_count":0,"_bbp_total_reply_count":0,"_bbp_voice_count":0,"_bbp_anonymous_reply_count":0,"_bbp_topic_count_hidden":0,"_bbp_reply_count_hidden":0,"_bbp_forum_subforum_count":0,"footnotes":""},"categories":[66,1,104],"tags":[],"class_list":["post-6233","post","type-post","status-publish","format-standard","has-post-thumbnail","hentry","category-corals","category-general","category-uncategorized"],"post_mailing_queue_ids":[],"_links":{"self":[{"href":"https:\/\/agora.xtec.cat\/escolademusicsijpc\/wp-json\/wp\/v2\/posts\/6233","targetHints":{"allow":["GET"]}}],"collection":[{"href":"https:\/\/agora.xtec.cat\/escolademusicsijpc\/wp-json\/wp\/v2\/posts"}],"about":[{"href":"https:\/\/agora.xtec.cat\/escolademusicsijpc\/wp-json\/wp\/v2\/types\/post"}],"author":[{"embeddable":true,"href":"https:\/\/agora.xtec.cat\/escolademusicsijpc\/wp-json\/wp\/v2\/users\/3"}],"replies":[{"embeddable":true,"href":"https:\/\/agora.xtec.cat\/escolademusicsijpc\/wp-json\/wp\/v2\/comments?post=6233"}],"version-history":[{"count":3,"href":"https:\/\/agora.xtec.cat\/escolademusicsijpc\/wp-json\/wp\/v2\/posts\/6233\/revisions"}],"predecessor-version":[{"id":6239,"href":"https:\/\/agora.xtec.cat\/escolademusicsijpc\/wp-json\/wp\/v2\/posts\/6233\/revisions\/6239"}],"wp:featuredmedia":[{"embeddable":true,"href":"https:\/\/agora.xtec.cat\/escolademusicsijpc\/wp-json\/wp\/v2\/media\/6234"}],"wp:attachment":[{"href":"https:\/\/agora.xtec.cat\/escolademusicsijpc\/wp-json\/wp\/v2\/media?parent=6233"}],"wp:term":[{"taxonomy":"category","embeddable":true,"href":"https:\/\/agora.xtec.cat\/escolademusicsijpc\/wp-json\/wp\/v2\/categories?post=6233"},{"taxonomy":"post_tag","embeddable":true,"href":"https:\/\/agora.xtec.cat\/escolademusicsijpc\/wp-json\/wp\/v2\/tags?post=6233"}],"curies":[{"name":"wp","href":"https:\/\/api.w.org\/{rel}","templated":true}]}}