{"id":6220,"date":"2017-11-24T18:46:59","date_gmt":"2017-11-24T17:46:59","guid":{"rendered":"http:\/\/agora.xtec.cat\/escolademusicsijpc\/?p=6220"},"modified":"2017-11-24T18:46:59","modified_gmt":"2017-11-24T17:46:59","slug":"fotos-de-guitar-club","status":"publish","type":"post","link":"https:\/\/agora.xtec.cat\/escolademusicsijpc\/general\/fotos-de-guitar-club\/","title":{"rendered":"Fotos de Guitar Club"},"content":{"rendered":"<p>Dissabte passat es va realitzar una nova edici\u00f3 del &#8220;Guitar Club&#8221; aquesta vegada amb m\u00e9s participants que mai. Es van poder gaudir tant de guitarres cl\u00e0ssiques com de el\u00e8ctriques compartint diferents estils.<\/p>\n<p><a href=\"http:\/\/agora.xtec.cat\/escolademusicsijpc\/general\/fotos-de-guitar-club\/attachment\/23622257_1967624613510687_7394841296210855387_n\/\" rel=\"attachment wp-att-6221\"><img loading=\"lazy\" decoding=\"async\" class=\"alignleft wp-image-6221 size-thumbnail\" src=\"http:\/\/agora.xtec.cat\/escolademusicsijpc\/wp-content\/uploads\/usu459\/2017\/11\/23622257_1967624613510687_7394841296210855387_n-150x150.jpg\" alt=\"\" width=\"150\" height=\"150\" \/><\/a> <a href=\"http:\/\/agora.xtec.cat\/escolademusicsijpc\/general\/fotos-de-guitar-club\/attachment\/23622276_1967624443510704_4917333258458991392_n\/\" rel=\"attachment wp-att-6222\"><img loading=\"lazy\" decoding=\"async\" class=\"alignleft wp-image-6222 size-thumbnail\" src=\"http:\/\/agora.xtec.cat\/escolademusicsijpc\/wp-content\/uploads\/usu459\/2017\/11\/23622276_1967624443510704_4917333258458991392_n-150x150.jpg\" alt=\"\" width=\"150\" height=\"150\" \/><\/a> <a href=\"http:\/\/agora.xtec.cat\/escolademusicsijpc\/general\/fotos-de-guitar-club\/attachment\/23622326_1967624616844020_2796404949959589350_n\/\" rel=\"attachment wp-att-6223\"><img loading=\"lazy\" decoding=\"async\" class=\"alignleft wp-image-6223 size-thumbnail\" src=\"http:\/\/agora.xtec.cat\/escolademusicsijpc\/wp-content\/uploads\/usu459\/2017\/11\/23622326_1967624616844020_2796404949959589350_n-150x150.jpg\" alt=\"\" width=\"150\" height=\"150\" \/><\/a> <a href=\"http:\/\/agora.xtec.cat\/escolademusicsijpc\/general\/fotos-de-guitar-club\/attachment\/23722338_1967624386844043_7062715926461345472_n\/\" rel=\"attachment wp-att-6224\"><img loading=\"lazy\" decoding=\"async\" class=\"alignleft wp-image-6224 size-thumbnail\" src=\"http:\/\/agora.xtec.cat\/escolademusicsijpc\/wp-content\/uploads\/usu459\/2017\/11\/23722338_1967624386844043_7062715926461345472_n-150x150.jpg\" alt=\"\" width=\"150\" height=\"150\" \/><\/a> <a href=\"http:\/\/agora.xtec.cat\/escolademusicsijpc\/general\/fotos-de-guitar-club\/attachment\/23722459_1967624620177353_5142773598546125181_n\/\" rel=\"attachment wp-att-6225\"><img loading=\"lazy\" decoding=\"async\" class=\"alignleft wp-image-6225 size-thumbnail\" src=\"http:\/\/agora.xtec.cat\/escolademusicsijpc\/wp-content\/uploads\/usu459\/2017\/11\/23722459_1967624620177353_5142773598546125181_n-150x150.jpg\" alt=\"\" width=\"150\" height=\"150\" \/><\/a> <a href=\"http:\/\/agora.xtec.cat\/escolademusicsijpc\/general\/fotos-de-guitar-club\/attachment\/23722482_1967624536844028_4272233182658398267_n\/\" rel=\"attachment wp-att-6226\"><img loading=\"lazy\" decoding=\"async\" class=\"alignleft wp-image-6226 size-thumbnail\" src=\"http:\/\/agora.xtec.cat\/escolademusicsijpc\/wp-content\/uploads\/usu459\/2017\/11\/23722482_1967624536844028_4272233182658398267_n-150x150.jpg\" alt=\"\" width=\"150\" height=\"150\" \/><\/a> <a href=\"http:\/\/agora.xtec.cat\/escolademusicsijpc\/general\/fotos-de-guitar-club\/attachment\/23755157_1967624440177371_7070006188160400922_n\/\" rel=\"attachment wp-att-6227\"><img loading=\"lazy\" decoding=\"async\" class=\"alignleft wp-image-6227 size-thumbnail\" src=\"http:\/\/agora.xtec.cat\/escolademusicsijpc\/wp-content\/uploads\/usu459\/2017\/11\/23755157_1967624440177371_7070006188160400922_n-150x150.jpg\" alt=\"\" width=\"150\" height=\"150\" \/><\/a> <a href=\"http:\/\/agora.xtec.cat\/escolademusicsijpc\/general\/fotos-de-guitar-club\/attachment\/23755304_1967624543510694_5642951408123653704_n\/\" rel=\"attachment wp-att-6228\"><img loading=\"lazy\" decoding=\"async\" class=\"alignleft wp-image-6228 size-thumbnail\" src=\"http:\/\/agora.xtec.cat\/escolademusicsijpc\/wp-content\/uploads\/usu459\/2017\/11\/23755304_1967624543510694_5642951408123653704_n-150x150.jpg\" alt=\"\" width=\"150\" height=\"150\" \/><\/a> <a href=\"http:\/\/agora.xtec.cat\/escolademusicsijpc\/general\/fotos-de-guitar-club\/attachment\/23795670_1967624383510710_6916469756171941759_n\/\" rel=\"attachment wp-att-6229\"><img loading=\"lazy\" decoding=\"async\" class=\"alignleft wp-image-6229 size-thumbnail\" src=\"http:\/\/agora.xtec.cat\/escolademusicsijpc\/wp-content\/uploads\/usu459\/2017\/11\/23795670_1967624383510710_6916469756171941759_n-150x150.jpg\" alt=\"\" width=\"150\" height=\"150\" \/><\/a><\/p>\n","protected":false},"excerpt":{"rendered":"<p>Dissabte passat es va realitzar una nova edici\u00f3 del &#8220;Guitar Club&#8221; aquesta vegada amb m\u00e9s participants que mai. Es van poder gaudir tant de guitarres cl\u00e0ssiques com de el\u00e8ctriques compartint diferents estils.<br \/>\n<a href=\"http:\/\/agora.xtec.cat\/escolademusicsijpc\/general\/fotos-de-guitar-club\/attachment\/23622257_1967624613510687_7394841296210855387_n\/\" rel=\"attachment wp-att-6221\"><\/a> <a href=\"http:\/\/agora.xtec.cat\/escolademusicsijpc\/general\/fotos-de-guitar-club\/attachment\/23622276_1967624443510704_4917333258458991392_n\/\" rel=\"attachment wp-att-6222\"><\/a> <a href=\"http:\/\/agora.xtec.cat\/escolademusicsijpc\/general\/fotos-de-guitar-club\/attachment\/23622326_1967624616844020_2796404949959589350_n\/\" rel=\"attachment wp-att-6223\"><\/a> <a href=\"http:\/\/agora.xtec.cat\/escolademusicsijpc\/general\/fotos-de-guitar-club\/attachment\/23722338_1967624386844043_7062715926461345472_n\/\"&hellip;  <a href=\"https:\/\/agora.xtec.cat\/escolademusicsijpc\/general\/fotos-de-guitar-club\/\" title=\"Read Fotos de Guitar Club\">Llegeix m\u00e9s\u00bb<\/a><\/p>\n","protected":false},"author":3,"featured_media":6225,"comment_status":"open","ping_status":"closed","sticky":false,"template":"","format":"standard","meta":{"_bbp_topic_count":0,"_bbp_reply_count":0,"_bbp_total_topic_count":0,"_bbp_total_reply_count":0,"_bbp_voice_count":0,"_bbp_anonymous_reply_count":0,"_bbp_topic_count_hidden":0,"_bbp_reply_count_hidden":0,"_bbp_forum_subforum_count":0,"footnotes":""},"categories":[1,72,104],"tags":[],"class_list":["post-6220","post","type-post","status-publish","format-standard","has-post-thumbnail","hentry","category-general","category-orquestra-de-guitarres","category-uncategorized"],"post_mailing_queue_ids":[],"_links":{"self":[{"href":"https:\/\/agora.xtec.cat\/escolademusicsijpc\/wp-json\/wp\/v2\/posts\/6220","targetHints":{"allow":["GET"]}}],"collection":[{"href":"https:\/\/agora.xtec.cat\/escolademusicsijpc\/wp-json\/wp\/v2\/posts"}],"about":[{"href":"https:\/\/agora.xtec.cat\/escolademusicsijpc\/wp-json\/wp\/v2\/types\/post"}],"author":[{"embeddable":true,"href":"https:\/\/agora.xtec.cat\/escolademusicsijpc\/wp-json\/wp\/v2\/users\/3"}],"replies":[{"embeddable":true,"href":"https:\/\/agora.xtec.cat\/escolademusicsijpc\/wp-json\/wp\/v2\/comments?post=6220"}],"version-history":[{"count":3,"href":"https:\/\/agora.xtec.cat\/escolademusicsijpc\/wp-json\/wp\/v2\/posts\/6220\/revisions"}],"predecessor-version":[{"id":6232,"href":"https:\/\/agora.xtec.cat\/escolademusicsijpc\/wp-json\/wp\/v2\/posts\/6220\/revisions\/6232"}],"wp:featuredmedia":[{"embeddable":true,"href":"https:\/\/agora.xtec.cat\/escolademusicsijpc\/wp-json\/wp\/v2\/media\/6225"}],"wp:attachment":[{"href":"https:\/\/agora.xtec.cat\/escolademusicsijpc\/wp-json\/wp\/v2\/media?parent=6220"}],"wp:term":[{"taxonomy":"category","embeddable":true,"href":"https:\/\/agora.xtec.cat\/escolademusicsijpc\/wp-json\/wp\/v2\/categories?post=6220"},{"taxonomy":"post_tag","embeddable":true,"href":"https:\/\/agora.xtec.cat\/escolademusicsijpc\/wp-json\/wp\/v2\/tags?post=6220"}],"curies":[{"name":"wp","href":"https:\/\/api.w.org\/{rel}","templated":true}]}}