{"id":6160,"date":"2017-11-13T19:20:01","date_gmt":"2017-11-13T18:20:01","guid":{"rendered":"http:\/\/agora.xtec.cat\/escolademusicsijpc\/?p=6160"},"modified":"2017-11-13T19:20:01","modified_gmt":"2017-11-13T18:20:01","slug":"musicals-choir-amb-els-capgrossos-dafa-vedruna-angels","status":"publish","type":"post","link":"https:\/\/agora.xtec.cat\/escolademusicsijpc\/general\/musicals-choir-amb-els-capgrossos-dafa-vedruna-angels\/","title":{"rendered":"Musicals&#8217; Choir amb els capgrossos d\u2019Afa Vedruna \u00c0ngels"},"content":{"rendered":"<p>El passat dissabte L&#8217;escola de M\u00fasics va tenir l&#8217;honor de ser el padr\u00ed dels capgrossos de l\u2019escola\u00a0<a href=\"https:\/\/www.facebook.com\/profile.php?id=100009281199343&amp;fref=mentions\">Afa Vedruna \u00c0ngels<\/a>, com no podia ser d&#8217;una altra manera ho vam celebrar amb m\u00fasica, a c\u00e0rrec de la coral jove de l&#8217;escola.<\/p>\n<p><a href=\"http:\/\/agora.xtec.cat\/escolademusicsijpc\/general\/musicals-choir-amb-els-capgrossos-dafa-vedruna-angels\/attachment\/23376368_1961499240789891_6192477767515234933_n\/\" rel=\"attachment wp-att-6168\"><img loading=\"lazy\" decoding=\"async\" class=\"alignleft wp-image-6168\" src=\"http:\/\/agora.xtec.cat\/escolademusicsijpc\/wp-content\/uploads\/usu459\/2017\/11\/23376368_1961499240789891_6192477767515234933_n-300x206.jpg\" alt=\"\" width=\"200\" height=\"138\" srcset=\"https:\/\/agora.xtec.cat\/escolademusicsijpc\/wp-content\/uploads\/usu459\/2017\/11\/23376368_1961499240789891_6192477767515234933_n-300x206.jpg 300w, https:\/\/agora.xtec.cat\/escolademusicsijpc\/wp-content\/uploads\/usu459\/2017\/11\/23376368_1961499240789891_6192477767515234933_n-768x528.jpg 768w, https:\/\/agora.xtec.cat\/escolademusicsijpc\/wp-content\/uploads\/usu459\/2017\/11\/23376368_1961499240789891_6192477767515234933_n.jpg 960w\" sizes=\"auto, (max-width: 200px) 100vw, 200px\" \/><\/a> <a href=\"http:\/\/agora.xtec.cat\/escolademusicsijpc\/general\/musicals-choir-amb-els-capgrossos-dafa-vedruna-angels\/attachment\/23244329_1961499177456564_7491136571018873832_n\/\" rel=\"attachment wp-att-6167\"><img loading=\"lazy\" decoding=\"async\" class=\"alignleft wp-image-6167\" src=\"http:\/\/agora.xtec.cat\/escolademusicsijpc\/wp-content\/uploads\/usu459\/2017\/11\/23244329_1961499177456564_7491136571018873832_n-300x206.jpg\" alt=\"\" width=\"200\" height=\"138\" srcset=\"https:\/\/agora.xtec.cat\/escolademusicsijpc\/wp-content\/uploads\/usu459\/2017\/11\/23244329_1961499177456564_7491136571018873832_n-300x206.jpg 300w, https:\/\/agora.xtec.cat\/escolademusicsijpc\/wp-content\/uploads\/usu459\/2017\/11\/23244329_1961499177456564_7491136571018873832_n-768x528.jpg 768w, https:\/\/agora.xtec.cat\/escolademusicsijpc\/wp-content\/uploads\/usu459\/2017\/11\/23244329_1961499177456564_7491136571018873832_n.jpg 960w\" sizes=\"auto, (max-width: 200px) 100vw, 200px\" \/><\/a> <a href=\"http:\/\/agora.xtec.cat\/escolademusicsijpc\/general\/musicals-choir-amb-els-capgrossos-dafa-vedruna-angels\/attachment\/23231666_1961499244123224_8625306639688217477_n\/\" rel=\"attachment wp-att-6166\"><img loading=\"lazy\" decoding=\"async\" class=\"alignleft wp-image-6166\" src=\"http:\/\/agora.xtec.cat\/escolademusicsijpc\/wp-content\/uploads\/usu459\/2017\/11\/23231666_1961499244123224_8625306639688217477_n-300x206.jpg\" alt=\"\" width=\"200\" height=\"138\" srcset=\"https:\/\/agora.xtec.cat\/escolademusicsijpc\/wp-content\/uploads\/usu459\/2017\/11\/23231666_1961499244123224_8625306639688217477_n-300x206.jpg 300w, https:\/\/agora.xtec.cat\/escolademusicsijpc\/wp-content\/uploads\/usu459\/2017\/11\/23231666_1961499244123224_8625306639688217477_n-768x528.jpg 768w, https:\/\/agora.xtec.cat\/escolademusicsijpc\/wp-content\/uploads\/usu459\/2017\/11\/23231666_1961499244123224_8625306639688217477_n.jpg 960w\" sizes=\"auto, (max-width: 200px) 100vw, 200px\" \/><\/a> <a href=\"http:\/\/agora.xtec.cat\/escolademusicsijpc\/general\/musicals-choir-amb-els-capgrossos-dafa-vedruna-angels\/attachment\/23231565_1961499314123217_449588318611117558_n\/\" rel=\"attachment wp-att-6165\"><img loading=\"lazy\" decoding=\"async\" class=\"alignleft wp-image-6165\" src=\"http:\/\/agora.xtec.cat\/escolademusicsijpc\/wp-content\/uploads\/usu459\/2017\/11\/23231565_1961499314123217_449588318611117558_n-300x206.jpg\" alt=\"\" width=\"200\" height=\"138\" srcset=\"https:\/\/agora.xtec.cat\/escolademusicsijpc\/wp-content\/uploads\/usu459\/2017\/11\/23231565_1961499314123217_449588318611117558_n-300x206.jpg 300w, https:\/\/agora.xtec.cat\/escolademusicsijpc\/wp-content\/uploads\/usu459\/2017\/11\/23231565_1961499314123217_449588318611117558_n-768x528.jpg 768w, https:\/\/agora.xtec.cat\/escolademusicsijpc\/wp-content\/uploads\/usu459\/2017\/11\/23231565_1961499314123217_449588318611117558_n.jpg 960w\" sizes=\"auto, (max-width: 200px) 100vw, 200px\" \/><\/a> <a href=\"http:\/\/agora.xtec.cat\/escolademusicsijpc\/general\/musicals-choir-amb-els-capgrossos-dafa-vedruna-angels\/attachment\/23231470_1961499180789897_2377234844520037136_n\/\" rel=\"attachment wp-att-6164\"><img loading=\"lazy\" decoding=\"async\" class=\"alignleft wp-image-6164\" src=\"http:\/\/agora.xtec.cat\/escolademusicsijpc\/wp-content\/uploads\/usu459\/2017\/11\/23231470_1961499180789897_2377234844520037136_n-300x206.jpg\" alt=\"\" width=\"200\" height=\"138\" srcset=\"https:\/\/agora.xtec.cat\/escolademusicsijpc\/wp-content\/uploads\/usu459\/2017\/11\/23231470_1961499180789897_2377234844520037136_n-300x206.jpg 300w, https:\/\/agora.xtec.cat\/escolademusicsijpc\/wp-content\/uploads\/usu459\/2017\/11\/23231470_1961499180789897_2377234844520037136_n-768x528.jpg 768w, https:\/\/agora.xtec.cat\/escolademusicsijpc\/wp-content\/uploads\/usu459\/2017\/11\/23231470_1961499180789897_2377234844520037136_n.jpg 960w\" sizes=\"auto, (max-width: 200px) 100vw, 200px\" \/><\/a> <a href=\"http:\/\/agora.xtec.cat\/escolademusicsijpc\/general\/musicals-choir-amb-els-capgrossos-dafa-vedruna-angels\/attachment\/23172611_1961499174123231_663963691727180450_n\/\" rel=\"attachment wp-att-6163\"><img loading=\"lazy\" decoding=\"async\" class=\"alignleft wp-image-6163\" src=\"http:\/\/agora.xtec.cat\/escolademusicsijpc\/wp-content\/uploads\/usu459\/2017\/11\/23172611_1961499174123231_663963691727180450_n-300x206.jpg\" alt=\"\" width=\"200\" height=\"138\" srcset=\"https:\/\/agora.xtec.cat\/escolademusicsijpc\/wp-content\/uploads\/usu459\/2017\/11\/23172611_1961499174123231_663963691727180450_n-300x206.jpg 300w, https:\/\/agora.xtec.cat\/escolademusicsijpc\/wp-content\/uploads\/usu459\/2017\/11\/23172611_1961499174123231_663963691727180450_n-768x528.jpg 768w, https:\/\/agora.xtec.cat\/escolademusicsijpc\/wp-content\/uploads\/usu459\/2017\/11\/23172611_1961499174123231_663963691727180450_n.jpg 960w\" sizes=\"auto, (max-width: 200px) 100vw, 200px\" \/><\/a> <a href=\"http:\/\/agora.xtec.cat\/escolademusicsijpc\/general\/musicals-choir-amb-els-capgrossos-dafa-vedruna-angels\/attachment\/23167586_1961499247456557_5819136416803651577_n\/\" rel=\"attachment wp-att-6162\"><img loading=\"lazy\" decoding=\"async\" class=\"alignleft wp-image-6162\" src=\"http:\/\/agora.xtec.cat\/escolademusicsijpc\/wp-content\/uploads\/usu459\/2017\/11\/23167586_1961499247456557_5819136416803651577_n-300x206.jpg\" alt=\"\" width=\"200\" height=\"138\" srcset=\"https:\/\/agora.xtec.cat\/escolademusicsijpc\/wp-content\/uploads\/usu459\/2017\/11\/23167586_1961499247456557_5819136416803651577_n-300x206.jpg 300w, https:\/\/agora.xtec.cat\/escolademusicsijpc\/wp-content\/uploads\/usu459\/2017\/11\/23167586_1961499247456557_5819136416803651577_n-768x528.jpg 768w, https:\/\/agora.xtec.cat\/escolademusicsijpc\/wp-content\/uploads\/usu459\/2017\/11\/23167586_1961499247456557_5819136416803651577_n.jpg 960w\" sizes=\"auto, (max-width: 200px) 100vw, 200px\" \/><\/a><\/p>\n<p>&nbsp;<\/p>\n<p>&nbsp;<\/p>\n","protected":false},"excerpt":{"rendered":"<p>El passat dissabte L&#8217;escola de M\u00fasics va tenir l&#8217;honor de ser el padr\u00ed dels capgrossos de l\u2019escola\u00a0<a href=\"https:\/\/www.facebook.com\/profile.php?id=100009281199343&amp;fref=mentions\">Afa Vedruna \u00c0ngels<\/a>, com no podia ser d&#8217;una altra manera ho vam celebrar amb m\u00fasica, a c\u00e0rrec de la coral jove de l&#8217;escola.<br \/>\n<a href=\"http:\/\/agora.xtec.cat\/escolademusicsijpc\/general\/musicals-choir-amb-els-capgrossos-dafa-vedruna-angels\/attachment\/23376368_1961499240789891_6192477767515234933_n\/\" rel=\"attachment wp-att-6168\"><\/a> <a href=\"http:\/\/agora.xtec.cat\/escolademusicsijpc\/general\/musicals-choir-amb-els-capgrossos-dafa-vedruna-angels\/attachment\/23244329_1961499177456564_7491136571018873832_n\/\"&hellip;  <a href=\"https:\/\/agora.xtec.cat\/escolademusicsijpc\/general\/musicals-choir-amb-els-capgrossos-dafa-vedruna-angels\/\" title=\"Read Musicals&#8217; Choir amb els capgrossos d\u2019Afa Vedruna \u00c0ngels\">Llegeix m\u00e9s\u00bb<\/a><\/p>\n","protected":false},"author":3,"featured_media":6162,"comment_status":"open","ping_status":"closed","sticky":false,"template":"","format":"standard","meta":{"_bbp_topic_count":0,"_bbp_reply_count":0,"_bbp_total_topic_count":0,"_bbp_total_reply_count":0,"_bbp_voice_count":0,"_bbp_anonymous_reply_count":0,"_bbp_topic_count_hidden":0,"_bbp_reply_count_hidden":0,"_bbp_forum_subforum_count":0,"footnotes":""},"categories":[1,105,104],"tags":[],"class_list":["post-6160","post","type-post","status-publish","format-standard","has-post-thumbnail","hentry","category-general","category-musicals-choir","category-uncategorized"],"post_mailing_queue_ids":[],"_links":{"self":[{"href":"https:\/\/agora.xtec.cat\/escolademusicsijpc\/wp-json\/wp\/v2\/posts\/6160","targetHints":{"allow":["GET"]}}],"collection":[{"href":"https:\/\/agora.xtec.cat\/escolademusicsijpc\/wp-json\/wp\/v2\/posts"}],"about":[{"href":"https:\/\/agora.xtec.cat\/escolademusicsijpc\/wp-json\/wp\/v2\/types\/post"}],"author":[{"embeddable":true,"href":"https:\/\/agora.xtec.cat\/escolademusicsijpc\/wp-json\/wp\/v2\/users\/3"}],"replies":[{"embeddable":true,"href":"https:\/\/agora.xtec.cat\/escolademusicsijpc\/wp-json\/wp\/v2\/comments?post=6160"}],"version-history":[{"count":3,"href":"https:\/\/agora.xtec.cat\/escolademusicsijpc\/wp-json\/wp\/v2\/posts\/6160\/revisions"}],"predecessor-version":[{"id":6171,"href":"https:\/\/agora.xtec.cat\/escolademusicsijpc\/wp-json\/wp\/v2\/posts\/6160\/revisions\/6171"}],"wp:featuredmedia":[{"embeddable":true,"href":"https:\/\/agora.xtec.cat\/escolademusicsijpc\/wp-json\/wp\/v2\/media\/6162"}],"wp:attachment":[{"href":"https:\/\/agora.xtec.cat\/escolademusicsijpc\/wp-json\/wp\/v2\/media?parent=6160"}],"wp:term":[{"taxonomy":"category","embeddable":true,"href":"https:\/\/agora.xtec.cat\/escolademusicsijpc\/wp-json\/wp\/v2\/categories?post=6160"},{"taxonomy":"post_tag","embeddable":true,"href":"https:\/\/agora.xtec.cat\/escolademusicsijpc\/wp-json\/wp\/v2\/tags?post=6160"}],"curies":[{"name":"wp","href":"https:\/\/api.w.org\/{rel}","templated":true}]}}