{"id":6154,"date":"2017-11-13T16:53:57","date_gmt":"2017-11-13T15:53:57","guid":{"rendered":"http:\/\/agora.xtec.cat\/escolademusicsijpc\/?p=6154"},"modified":"2017-11-13T19:21:27","modified_gmt":"2017-11-13T18:21:27","slug":"el-cor-de-joves-de-pau-claris","status":"publish","type":"post","link":"https:\/\/agora.xtec.cat\/escolademusicsijpc\/general\/el-cor-de-joves-de-pau-claris\/","title":{"rendered":"El cor de joves de Pau Claris"},"content":{"rendered":"<p>Aquesta setmana hem comen\u00e7at el cor de joves de Pau Claris, una activitat volunt\u00e0ria dels alumnes d\u2019aquest institut amb el que l\u2019Escola de M\u00fasics col.labora des de fa tres anys. La coral ja comen\u00e7a a sonar amb molta energ\u00eda!<\/p>\n<p><a href=\"http:\/\/agora.xtec.cat\/escolademusicsijpc\/general\/el-cor-de-joves-de-pau-claris\/attachment\/23131556_1959881110951704_6250152671602865513_n\/\" rel=\"attachment wp-att-6156\"><img loading=\"lazy\" decoding=\"async\" class=\"size-medium wp-image-6156 alignleft\" src=\"http:\/\/agora.xtec.cat\/escolademusicsijpc\/wp-content\/uploads\/usu459\/2017\/11\/23131556_1959881110951704_6250152671602865513_n-300x231.jpg\" alt=\"\" width=\"300\" height=\"231\" srcset=\"https:\/\/agora.xtec.cat\/escolademusicsijpc\/wp-content\/uploads\/usu459\/2017\/11\/23131556_1959881110951704_6250152671602865513_n-300x231.jpg 300w, https:\/\/agora.xtec.cat\/escolademusicsijpc\/wp-content\/uploads\/usu459\/2017\/11\/23131556_1959881110951704_6250152671602865513_n-768x591.jpg 768w, https:\/\/agora.xtec.cat\/escolademusicsijpc\/wp-content\/uploads\/usu459\/2017\/11\/23131556_1959881110951704_6250152671602865513_n.jpg 960w\" sizes=\"auto, (max-width: 300px) 100vw, 300px\" \/><\/a> <a href=\"http:\/\/agora.xtec.cat\/escolademusicsijpc\/general\/el-cor-de-joves-de-pau-claris\/attachment\/23167692_1959881114285037_2940649112014717553_n\/\" rel=\"attachment wp-att-6157\"><img loading=\"lazy\" decoding=\"async\" class=\"size-medium wp-image-6157 alignleft\" src=\"http:\/\/agora.xtec.cat\/escolademusicsijpc\/wp-content\/uploads\/usu459\/2017\/11\/23167692_1959881114285037_2940649112014717553_n-300x231.jpg\" alt=\"\" width=\"300\" height=\"231\" srcset=\"https:\/\/agora.xtec.cat\/escolademusicsijpc\/wp-content\/uploads\/usu459\/2017\/11\/23167692_1959881114285037_2940649112014717553_n-300x231.jpg 300w, https:\/\/agora.xtec.cat\/escolademusicsijpc\/wp-content\/uploads\/usu459\/2017\/11\/23167692_1959881114285037_2940649112014717553_n-768x591.jpg 768w, https:\/\/agora.xtec.cat\/escolademusicsijpc\/wp-content\/uploads\/usu459\/2017\/11\/23167692_1959881114285037_2940649112014717553_n.jpg 960w\" sizes=\"auto, (max-width: 300px) 100vw, 300px\" \/><\/a><\/p>\n","protected":false},"excerpt":{"rendered":"<p>Aquesta setmana hem comen\u00e7at el cor de joves de Pau Claris, una activitat volunt\u00e0ria dels alumnes d\u2019aquest institut amb el que l\u2019Escola de M\u00fasics col.labora des de fa tres anys. La coral ja comen\u00e7a a sonar amb molta energ\u00eda!<br \/>\n<a href=\"http:\/\/agora.xtec.cat\/escolademusicsijpc\/general\/el-cor-de-joves-de-pau-claris\/attachment\/23131556_1959881110951704_6250152671602865513_n\/\" rel=\"attachment wp-att-6156\"><\/a> <a href=\"http:\/\/agora.xtec.cat\/escolademusicsijpc\/general\/el-cor-de-joves-de-pau-claris\/attachment\/23167692_1959881114285037_2940649112014717553_n\/\" rel=\"attachment&hellip;  <a href=\"https:\/\/agora.xtec.cat\/escolademusicsijpc\/general\/el-cor-de-joves-de-pau-claris\/\" title=\"Read El cor de joves de Pau Claris\">Llegeix m\u00e9s\u00bb<\/a><\/p>\n","protected":false},"author":3,"featured_media":6156,"comment_status":"open","ping_status":"closed","sticky":false,"template":"","format":"standard","meta":{"_bbp_topic_count":0,"_bbp_reply_count":0,"_bbp_total_topic_count":0,"_bbp_total_reply_count":0,"_bbp_voice_count":0,"_bbp_anonymous_reply_count":0,"_bbp_topic_count_hidden":0,"_bbp_reply_count_hidden":0,"_bbp_forum_subforum_count":0,"footnotes":""},"categories":[66,1,104],"tags":[],"class_list":["post-6154","post","type-post","status-publish","format-standard","has-post-thumbnail","hentry","category-corals","category-general","category-uncategorized"],"post_mailing_queue_ids":[],"_links":{"self":[{"href":"https:\/\/agora.xtec.cat\/escolademusicsijpc\/wp-json\/wp\/v2\/posts\/6154","targetHints":{"allow":["GET"]}}],"collection":[{"href":"https:\/\/agora.xtec.cat\/escolademusicsijpc\/wp-json\/wp\/v2\/posts"}],"about":[{"href":"https:\/\/agora.xtec.cat\/escolademusicsijpc\/wp-json\/wp\/v2\/types\/post"}],"author":[{"embeddable":true,"href":"https:\/\/agora.xtec.cat\/escolademusicsijpc\/wp-json\/wp\/v2\/users\/3"}],"replies":[{"embeddable":true,"href":"https:\/\/agora.xtec.cat\/escolademusicsijpc\/wp-json\/wp\/v2\/comments?post=6154"}],"version-history":[{"count":4,"href":"https:\/\/agora.xtec.cat\/escolademusicsijpc\/wp-json\/wp\/v2\/posts\/6154\/revisions"}],"predecessor-version":[{"id":6175,"href":"https:\/\/agora.xtec.cat\/escolademusicsijpc\/wp-json\/wp\/v2\/posts\/6154\/revisions\/6175"}],"wp:featuredmedia":[{"embeddable":true,"href":"https:\/\/agora.xtec.cat\/escolademusicsijpc\/wp-json\/wp\/v2\/media\/6156"}],"wp:attachment":[{"href":"https:\/\/agora.xtec.cat\/escolademusicsijpc\/wp-json\/wp\/v2\/media?parent=6154"}],"wp:term":[{"taxonomy":"category","embeddable":true,"href":"https:\/\/agora.xtec.cat\/escolademusicsijpc\/wp-json\/wp\/v2\/categories?post=6154"},{"taxonomy":"post_tag","embeddable":true,"href":"https:\/\/agora.xtec.cat\/escolademusicsijpc\/wp-json\/wp\/v2\/tags?post=6154"}],"curies":[{"name":"wp","href":"https:\/\/api.w.org\/{rel}","templated":true}]}}