{"id":6108,"date":"2017-10-20T20:25:22","date_gmt":"2017-10-20T18:25:22","guid":{"rendered":"http:\/\/agora.xtec.cat\/escolademusicsijpc\/?p=6108"},"modified":"2017-11-13T19:32:39","modified_gmt":"2017-11-13T18:32:39","slug":"ravals-band-a-calabria-66","status":"publish","type":"post","link":"https:\/\/agora.xtec.cat\/escolademusicsijpc\/general\/ravals-band-a-calabria-66\/","title":{"rendered":"Raval\u2019s Band a Calabria 66"},"content":{"rendered":"<p>L\u2019Escola de M\u00fasics i JPC estar\u00e0 com sempre al costat dels nostres barris fent bona m\u00fasica!<\/p>\n<div class=\"wpcnt\">\n<div class=\"wpa wpmrec wpmrec2x\"><span class=\"wpa-about\"><a href=\"http:\/\/agora.xtec.cat\/escolademusicsijpc\/general\/ravals-band-a-calabria-66\/attachment\/22406543_1539543106113688_3\/\" rel=\"attachment wp-att-6109\"><img loading=\"lazy\" decoding=\"async\" class=\"size-medium wp-image-6109 alignnone\" src=\"http:\/\/agora.xtec.cat\/escolademusicsijpc\/wp-content\/uploads\/usu459\/2017\/10\/22406543_1539543106113688_3-212x300.gif\" alt=\"\" width=\"212\" height=\"300\" \/><\/a> <a href=\"http:\/\/agora.xtec.cat\/escolademusicsijpc\/general\/ravals-band-a-calabria-66\/attachment\/22449704_1539543552780310_1\/\" rel=\"attachment wp-att-6110\"><img loading=\"lazy\" decoding=\"async\" class=\"size-medium wp-image-6110 alignnone\" src=\"http:\/\/agora.xtec.cat\/escolademusicsijpc\/wp-content\/uploads\/usu459\/2017\/10\/22449704_1539543552780310_1-196x300.gif\" alt=\"\" width=\"196\" height=\"300\" \/><\/a><\/span><\/div>\n<\/div>\n","protected":false},"excerpt":{"rendered":"<p>L\u2019Escola de M\u00fasics i JPC estar\u00e0 com sempre al costat dels nostres barris fent bona m\u00fasica!<\/p>\n<p><a href=\"http:\/\/agora.xtec.cat\/escolademusicsijpc\/general\/ravals-band-a-calabria-66\/attachment\/22406543_1539543106113688_3\/\" rel=\"attachment wp-att-6109\"><\/a> <a href=\"http:\/\/agora.xtec.cat\/escolademusicsijpc\/general\/ravals-band-a-calabria-66\/attachment\/22449704_1539543552780310_1\/\" rel=\"attachment wp-att-6110\"><\/a><\/p>\n","protected":false},"author":3,"featured_media":6109,"comment_status":"open","ping_status":"closed","sticky":false,"template":"","format":"standard","meta":{"_bbp_topic_count":0,"_bbp_reply_count":0,"_bbp_total_topic_count":0,"_bbp_total_reply_count":0,"_bbp_voice_count":0,"_bbp_anonymous_reply_count":0,"_bbp_topic_count_hidden":0,"_bbp_reply_count_hidden":0,"_bbp_forum_subforum_count":0,"footnotes":""},"categories":[1,75,104],"tags":[],"class_list":["post-6108","post","type-post","status-publish","format-standard","has-post-thumbnail","hentry","category-general","category-ravals-band","category-uncategorized"],"post_mailing_queue_ids":[],"_links":{"self":[{"href":"https:\/\/agora.xtec.cat\/escolademusicsijpc\/wp-json\/wp\/v2\/posts\/6108","targetHints":{"allow":["GET"]}}],"collection":[{"href":"https:\/\/agora.xtec.cat\/escolademusicsijpc\/wp-json\/wp\/v2\/posts"}],"about":[{"href":"https:\/\/agora.xtec.cat\/escolademusicsijpc\/wp-json\/wp\/v2\/types\/post"}],"author":[{"embeddable":true,"href":"https:\/\/agora.xtec.cat\/escolademusicsijpc\/wp-json\/wp\/v2\/users\/3"}],"replies":[{"embeddable":true,"href":"https:\/\/agora.xtec.cat\/escolademusicsijpc\/wp-json\/wp\/v2\/comments?post=6108"}],"version-history":[{"count":3,"href":"https:\/\/agora.xtec.cat\/escolademusicsijpc\/wp-json\/wp\/v2\/posts\/6108\/revisions"}],"predecessor-version":[{"id":6186,"href":"https:\/\/agora.xtec.cat\/escolademusicsijpc\/wp-json\/wp\/v2\/posts\/6108\/revisions\/6186"}],"wp:featuredmedia":[{"embeddable":true,"href":"https:\/\/agora.xtec.cat\/escolademusicsijpc\/wp-json\/wp\/v2\/media\/6109"}],"wp:attachment":[{"href":"https:\/\/agora.xtec.cat\/escolademusicsijpc\/wp-json\/wp\/v2\/media?parent=6108"}],"wp:term":[{"taxonomy":"category","embeddable":true,"href":"https:\/\/agora.xtec.cat\/escolademusicsijpc\/wp-json\/wp\/v2\/categories?post=6108"},{"taxonomy":"post_tag","embeddable":true,"href":"https:\/\/agora.xtec.cat\/escolademusicsijpc\/wp-json\/wp\/v2\/tags?post=6108"}],"curies":[{"name":"wp","href":"https:\/\/api.w.org\/{rel}","templated":true}]}}