{"id":6104,"date":"2017-10-20T20:21:11","date_gmt":"2017-10-20T18:21:11","guid":{"rendered":"http:\/\/agora.xtec.cat\/escolademusicsijpc\/?p=6104"},"modified":"2017-11-13T19:35:51","modified_gmt":"2017-11-13T18:35:51","slug":"coral-ciutat-vella-mencanta","status":"publish","type":"post","link":"https:\/\/agora.xtec.cat\/escolademusicsijpc\/general\/coral-ciutat-vella-mencanta\/","title":{"rendered":"Coral Ciutat Vella m\u2019encanta"},"content":{"rendered":"<p><a href=\"http:\/\/agora.xtec.cat\/escolademusicsijpc\/general\/coral-ciutat-vella-mencanta\/attachment\/22195232_1948433655429783_2\/\" rel=\"attachment wp-att-6105\"><img loading=\"lazy\" decoding=\"async\" class=\"alignright size-medium wp-image-6105\" src=\"http:\/\/agora.xtec.cat\/escolademusicsijpc\/wp-content\/uploads\/usu459\/2017\/10\/22195232_1948433655429783_2-212x300.gif\" alt=\"\" width=\"212\" height=\"300\" \/><\/a>Un any m\u00e9s l\u2019Escola de M\u00fasics i JPC I el CNL, Centre de Normalitzaci\u00f3 Ling\u00fc\u00edstica, treballen plegats per formar el cor Ciutat Vella M\u2019encanta.<\/p>\n<p>Un cor obert a tots els cantaires per\u00f2 amb una caracter\u00edstica molt peculiar.<\/p>\n<p>Est\u00e0 format principalment per alumnes que estudien catal\u00e0 en el CNL i aquest fet, fa que es nudreixi la pluralitat i diversitat del cor.<\/p>\n<ul>\n<li>Divendres de 11:45 a 13:00<\/li>\n<li>Espai-Aviny\u00f3 Llengua i Cultura (C\/Aviny\u00f3, 52)<\/li>\n<li>Preu: 20\u20ac trimestral a l\u2019Escola de M\u00fasics i JPC<\/li>\n<li>Informaci\u00f3: 934 127 224<\/li>\n<li>Inscripci\u00f3 oberta tot l\u2019any<\/li>\n<\/ul>\n","protected":false},"excerpt":{"rendered":"<p><a href=\"http:\/\/agora.xtec.cat\/escolademusicsijpc\/general\/coral-ciutat-vella-mencanta\/attachment\/22195232_1948433655429783_2\/\" rel=\"attachment wp-att-6105\"><\/a>Un any m\u00e9s l\u2019Escola de M\u00fasics i JPC I el CNL, Centre de Normalitzaci\u00f3 Ling\u00fc\u00edstica, treballen plegats per formar el cor Ciutat Vella M\u2019encanta.<br \/>\nUn cor obert a tots els cantaires per\u00f2 amb una caracter\u00edstica molt peculiar.<br \/>\nEst\u00e0 format principalment per alumnes que estudien&hellip;  <a href=\"https:\/\/agora.xtec.cat\/escolademusicsijpc\/general\/coral-ciutat-vella-mencanta\/\" title=\"Read Coral Ciutat Vella m\u2019encanta\">Llegeix m\u00e9s\u00bb<\/a><\/p>\n","protected":false},"author":3,"featured_media":6105,"comment_status":"open","ping_status":"closed","sticky":false,"template":"","format":"standard","meta":{"_bbp_topic_count":0,"_bbp_reply_count":0,"_bbp_total_topic_count":0,"_bbp_total_reply_count":0,"_bbp_voice_count":0,"_bbp_anonymous_reply_count":0,"_bbp_topic_count_hidden":0,"_bbp_reply_count_hidden":0,"_bbp_forum_subforum_count":0,"footnotes":""},"categories":[66,1,104],"tags":[],"class_list":["post-6104","post","type-post","status-publish","format-standard","has-post-thumbnail","hentry","category-corals","category-general","category-uncategorized"],"post_mailing_queue_ids":[],"_links":{"self":[{"href":"https:\/\/agora.xtec.cat\/escolademusicsijpc\/wp-json\/wp\/v2\/posts\/6104","targetHints":{"allow":["GET"]}}],"collection":[{"href":"https:\/\/agora.xtec.cat\/escolademusicsijpc\/wp-json\/wp\/v2\/posts"}],"about":[{"href":"https:\/\/agora.xtec.cat\/escolademusicsijpc\/wp-json\/wp\/v2\/types\/post"}],"author":[{"embeddable":true,"href":"https:\/\/agora.xtec.cat\/escolademusicsijpc\/wp-json\/wp\/v2\/users\/3"}],"replies":[{"embeddable":true,"href":"https:\/\/agora.xtec.cat\/escolademusicsijpc\/wp-json\/wp\/v2\/comments?post=6104"}],"version-history":[{"count":3,"href":"https:\/\/agora.xtec.cat\/escolademusicsijpc\/wp-json\/wp\/v2\/posts\/6104\/revisions"}],"predecessor-version":[{"id":6187,"href":"https:\/\/agora.xtec.cat\/escolademusicsijpc\/wp-json\/wp\/v2\/posts\/6104\/revisions\/6187"}],"wp:featuredmedia":[{"embeddable":true,"href":"https:\/\/agora.xtec.cat\/escolademusicsijpc\/wp-json\/wp\/v2\/media\/6105"}],"wp:attachment":[{"href":"https:\/\/agora.xtec.cat\/escolademusicsijpc\/wp-json\/wp\/v2\/media?parent=6104"}],"wp:term":[{"taxonomy":"category","embeddable":true,"href":"https:\/\/agora.xtec.cat\/escolademusicsijpc\/wp-json\/wp\/v2\/categories?post=6104"},{"taxonomy":"post_tag","embeddable":true,"href":"https:\/\/agora.xtec.cat\/escolademusicsijpc\/wp-json\/wp\/v2\/tags?post=6104"}],"curies":[{"name":"wp","href":"https:\/\/api.w.org\/{rel}","templated":true}]}}