{"id":6094,"date":"2017-10-20T20:20:01","date_gmt":"2017-10-20T18:20:01","guid":{"rendered":"http:\/\/agora.xtec.cat\/escolademusicsijpc\/?p=6094"},"modified":"2017-11-13T19:22:33","modified_gmt":"2017-11-13T18:22:33","slug":"la-ravals-band-a-la-merce","status":"publish","type":"post","link":"https:\/\/agora.xtec.cat\/escolademusicsijpc\/general\/la-ravals-band-a-la-merce\/","title":{"rendered":"La Raval\u2019s Band a la Merc\u00e8"},"content":{"rendered":"<p><a href=\"http:\/\/agora.xtec.cat\/escolademusicsijpc\/general\/la-ravals-band-a-la-merce\/attachment\/21766872_1944571589149323_8\/\" rel=\"attachment wp-att-6095\"><img loading=\"lazy\" decoding=\"async\" class=\"size-medium wp-image-6095 alignnone\" src=\"http:\/\/agora.xtec.cat\/escolademusicsijpc\/wp-content\/uploads\/usu459\/2017\/10\/21766872_1944571589149323_8-300x235.gif\" alt=\"\" width=\"300\" height=\"235\" \/><\/a> <a href=\"http:\/\/agora.xtec.cat\/escolademusicsijpc\/general\/la-ravals-band-a-la-merce\/attachment\/21768064_1944571582482657_1\/\" rel=\"attachment wp-att-6096\"><img loading=\"lazy\" decoding=\"async\" class=\"size-medium wp-image-6096 alignnone\" src=\"http:\/\/agora.xtec.cat\/escolademusicsijpc\/wp-content\/uploads\/usu459\/2017\/10\/21768064_1944571582482657_1-300x235.gif\" alt=\"\" width=\"300\" height=\"235\" \/><\/a><\/p>\n<p>Aquest any la Raval\u2019s Band ha tingut el privilegi d\u2019actuar a la pla\u00e7a Catalunya per les festes de la Merc\u00e8 gr\u00e0cies a l\u2019organitzaci\u00f3 del Associa\u2019t a la Festa. Vam poder gaudir d\u2019un fant\u00e0stic escenari i d\u2019un sol de just\u00edcia!\u00a0<a class=\"_58cn\" href=\"https:\/\/www.facebook.com\/hashtag\/somm%C3%BAsica?source=feed_text&amp;story_id=1944571682482647\"><span class=\"_5afx\"><span class=\"_58cl _5afz\">#<\/span><span class=\"_58cm\">SomM\u00fasica\u00a0<\/span><\/span><\/a><a class=\"_58cn\" href=\"https:\/\/www.facebook.com\/hashtag\/somosm%C3%BAsica?source=feed_text&amp;story_id=1944571682482647\"><span class=\"_5afx\"><span class=\"_58cl _5afz\">#<\/span><span class=\"_58cm\">SomosM\u00fasica<\/span><\/span><\/a>\u00a0<a class=\"_58cn\" href=\"https:\/\/www.facebook.com\/hashtag\/lescolademusics25anys?source=feed_text&amp;story_id=1944571682482647\"><span class=\"_5afx\"><span class=\"_58cl _5afz\">#<\/span><span class=\"_58cm\">lescolademusics25anys<\/span><\/span><\/a><\/p>\n<p><a href=\"http:\/\/agora.xtec.cat\/escolademusicsijpc\/general\/la-ravals-band-a-la-merce\/attachment\/22008238_1944571635815985_6\/\" rel=\"attachment wp-att-6097\"><img loading=\"lazy\" decoding=\"async\" class=\"size-medium wp-image-6097 alignleft\" src=\"http:\/\/agora.xtec.cat\/escolademusicsijpc\/wp-content\/uploads\/usu459\/2017\/10\/22008238_1944571635815985_6-233x300.gif\" alt=\"\" width=\"233\" height=\"300\" \/><\/a> <a href=\"http:\/\/agora.xtec.cat\/escolademusicsijpc\/general\/la-ravals-band-a-la-merce\/attachment\/22045656_1944571585815990_6\/\" rel=\"attachment wp-att-6098\"><img loading=\"lazy\" decoding=\"async\" class=\"size-medium wp-image-6098 alignleft\" src=\"http:\/\/agora.xtec.cat\/escolademusicsijpc\/wp-content\/uploads\/usu459\/2017\/10\/22045656_1944571585815990_6-300x235.gif\" alt=\"\" width=\"300\" height=\"235\" \/><\/a><\/p>\n","protected":false},"excerpt":{"rendered":"<p><a href=\"http:\/\/agora.xtec.cat\/escolademusicsijpc\/general\/la-ravals-band-a-la-merce\/attachment\/21766872_1944571589149323_8\/\" rel=\"attachment wp-att-6095\"><\/a> <a href=\"http:\/\/agora.xtec.cat\/escolademusicsijpc\/general\/la-ravals-band-a-la-merce\/attachment\/21768064_1944571582482657_1\/\" rel=\"attachment wp-att-6096\"><\/a><br \/>\nAquest any la Raval\u2019s Band ha tingut el privilegi d\u2019actuar a la pla\u00e7a Catalunya per les festes de la Merc\u00e8 gr\u00e0cies a l\u2019organitzaci\u00f3 del Associa\u2019t a la Festa. Vam poder gaudir d\u2019un fant\u00e0stic escenari i d\u2019un sol de&hellip;  <a href=\"https:\/\/agora.xtec.cat\/escolademusicsijpc\/general\/la-ravals-band-a-la-merce\/\" title=\"Read La Raval\u2019s Band a la Merc\u00e8\">Llegeix m\u00e9s\u00bb<\/a><\/p>\n","protected":false},"author":3,"featured_media":6098,"comment_status":"open","ping_status":"closed","sticky":false,"template":"","format":"standard","meta":{"_bbp_topic_count":0,"_bbp_reply_count":0,"_bbp_total_topic_count":0,"_bbp_total_reply_count":0,"_bbp_voice_count":0,"_bbp_anonymous_reply_count":0,"_bbp_topic_count_hidden":0,"_bbp_reply_count_hidden":0,"_bbp_forum_subforum_count":0,"footnotes":""},"categories":[1,75,104],"tags":[],"class_list":["post-6094","post","type-post","status-publish","format-standard","has-post-thumbnail","hentry","category-general","category-ravals-band","category-uncategorized"],"post_mailing_queue_ids":[],"_links":{"self":[{"href":"https:\/\/agora.xtec.cat\/escolademusicsijpc\/wp-json\/wp\/v2\/posts\/6094","targetHints":{"allow":["GET"]}}],"collection":[{"href":"https:\/\/agora.xtec.cat\/escolademusicsijpc\/wp-json\/wp\/v2\/posts"}],"about":[{"href":"https:\/\/agora.xtec.cat\/escolademusicsijpc\/wp-json\/wp\/v2\/types\/post"}],"author":[{"embeddable":true,"href":"https:\/\/agora.xtec.cat\/escolademusicsijpc\/wp-json\/wp\/v2\/users\/3"}],"replies":[{"embeddable":true,"href":"https:\/\/agora.xtec.cat\/escolademusicsijpc\/wp-json\/wp\/v2\/comments?post=6094"}],"version-history":[{"count":4,"href":"https:\/\/agora.xtec.cat\/escolademusicsijpc\/wp-json\/wp\/v2\/posts\/6094\/revisions"}],"predecessor-version":[{"id":6176,"href":"https:\/\/agora.xtec.cat\/escolademusicsijpc\/wp-json\/wp\/v2\/posts\/6094\/revisions\/6176"}],"wp:featuredmedia":[{"embeddable":true,"href":"https:\/\/agora.xtec.cat\/escolademusicsijpc\/wp-json\/wp\/v2\/media\/6098"}],"wp:attachment":[{"href":"https:\/\/agora.xtec.cat\/escolademusicsijpc\/wp-json\/wp\/v2\/media?parent=6094"}],"wp:term":[{"taxonomy":"category","embeddable":true,"href":"https:\/\/agora.xtec.cat\/escolademusicsijpc\/wp-json\/wp\/v2\/categories?post=6094"},{"taxonomy":"post_tag","embeddable":true,"href":"https:\/\/agora.xtec.cat\/escolademusicsijpc\/wp-json\/wp\/v2\/tags?post=6094"}],"curies":[{"name":"wp","href":"https:\/\/api.w.org\/{rel}","templated":true}]}}