{"id":6079,"date":"2017-09-27T20:53:21","date_gmt":"2017-09-27T18:53:21","guid":{"rendered":"http:\/\/agora.xtec.cat\/escolademusicsijpc\/?p=6079"},"modified":"2017-09-27T20:54:25","modified_gmt":"2017-09-27T18:54:25","slug":"taller-percussio-corporal-i-coral-santi-serratosa-2","status":"publish","type":"post","link":"https:\/\/agora.xtec.cat\/escolademusicsijpc\/master-classes\/taller-percussio-corporal-i-coral-santi-serratosa-2\/","title":{"rendered":"Taller Percussi\u00f3 Corporal i Coral Santi Serratosa"},"content":{"rendered":"<p><a href=\"http:\/\/agora.xtec.cat\/escolademusicsijpc\/master-classes\/taller-percussio-corporal-i-coral-santi-serratosa-2\/attachment\/serratosa-2\/\" rel=\"attachment wp-att-6080\"><img loading=\"lazy\" decoding=\"async\" class=\"alignright size-medium wp-image-6080\" src=\"http:\/\/agora.xtec.cat\/escolademusicsijpc\/wp-content\/uploads\/usu459\/2017\/09\/serratosa-212x300.gif\" alt=\"\" width=\"212\" height=\"300\" \/><\/a>Bateria de \u201cGossos\u201d, director d\u2019una Big Band de percussi\u00f3 corporal, core\u00f2graf de percussi\u00f3 corporal i gran pedagog. El cos i la veu, dos instruments al nostre abast. Apr\u00e8n a fer-los sonar!!! \u00c9s un taller obert, no cal ser alumne de l\u2019escola.<\/p>\n<ul>\n<li>Dissabte 21 d\u2019octubre<\/li>\n<li>de 9:45 a 13h<\/li>\n<li>Preu: 10\u20ac<\/li>\n<li>Escola Mil\u00e0 i Fontanals<\/li>\n<li>Carrer dels \u00c0ngels s\/n (C\/ del Carme cantonada amb C\/ d\u2019Agust\u00ed Duran i Sanpere)<\/li>\n<li>Portar aigua i un petit esmorzar per la pausa.<\/li>\n<li>Us demanem que confirmeu la vostra assist\u00e8ncia abans del\u00a0<strong>6 d\u2019octubre<\/strong>\u00a0abonant l\u2019import del taller a Secretaria de l\u2019escola.<\/li>\n<\/ul>\n","protected":false},"excerpt":{"rendered":"<p><a href=\"http:\/\/agora.xtec.cat\/escolademusicsijpc\/master-classes\/taller-percussio-corporal-i-coral-santi-serratosa-2\/attachment\/serratosa-2\/\" rel=\"attachment wp-att-6080\"><\/a>Bateria de \u201cGossos\u201d, director d\u2019una Big Band de percussi\u00f3 corporal, core\u00f2graf de percussi\u00f3 corporal i gran pedagog. El cos i la veu, dos instruments al nostre abast. Apr\u00e8n a fer-los sonar!!! \u00c9s un taller obert, no cal ser alumne de l\u2019escola.<\/p>\n<ul>\n<li>Dissabte 21&hellip;  <a href=\"https:\/\/agora.xtec.cat\/escolademusicsijpc\/master-classes\/taller-percussio-corporal-i-coral-santi-serratosa-2\/\" title=\"Read Taller Percussi\u00f3 Corporal i Coral Santi Serratosa\">Llegeix m\u00e9s\u00bb<\/a><br \/>\n","protected":false},"author":3,"featured_media":6080,"comment_status":"open","ping_status":"closed","sticky":false,"template":"","format":"standard","meta":{"_bbp_topic_count":0,"_bbp_reply_count":0,"_bbp_total_topic_count":0,"_bbp_total_reply_count":0,"_bbp_voice_count":0,"_bbp_anonymous_reply_count":0,"_bbp_topic_count_hidden":0,"_bbp_reply_count_hidden":0,"_bbp_forum_subforum_count":0,"footnotes":""},"categories":[69,104],"tags":[],"class_list":["post-6079","post","type-post","status-publish","format-standard","has-post-thumbnail","hentry","category-master-classes","category-uncategorized"],"post_mailing_queue_ids":[],"_links":{"self":[{"href":"https:\/\/agora.xtec.cat\/escolademusicsijpc\/wp-json\/wp\/v2\/posts\/6079","targetHints":{"allow":["GET"]}}],"collection":[{"href":"https:\/\/agora.xtec.cat\/escolademusicsijpc\/wp-json\/wp\/v2\/posts"}],"about":[{"href":"https:\/\/agora.xtec.cat\/escolademusicsijpc\/wp-json\/wp\/v2\/types\/post"}],"author":[{"embeddable":true,"href":"https:\/\/agora.xtec.cat\/escolademusicsijpc\/wp-json\/wp\/v2\/users\/3"}],"replies":[{"embeddable":true,"href":"https:\/\/agora.xtec.cat\/escolademusicsijpc\/wp-json\/wp\/v2\/comments?post=6079"}],"version-history":[{"count":2,"href":"https:\/\/agora.xtec.cat\/escolademusicsijpc\/wp-json\/wp\/v2\/posts\/6079\/revisions"}],"predecessor-version":[{"id":6082,"href":"https:\/\/agora.xtec.cat\/escolademusicsijpc\/wp-json\/wp\/v2\/posts\/6079\/revisions\/6082"}],"wp:featuredmedia":[{"embeddable":true,"href":"https:\/\/agora.xtec.cat\/escolademusicsijpc\/wp-json\/wp\/v2\/media\/6080"}],"wp:attachment":[{"href":"https:\/\/agora.xtec.cat\/escolademusicsijpc\/wp-json\/wp\/v2\/media?parent=6079"}],"wp:term":[{"taxonomy":"category","embeddable":true,"href":"https:\/\/agora.xtec.cat\/escolademusicsijpc\/wp-json\/wp\/v2\/categories?post=6079"},{"taxonomy":"post_tag","embeddable":true,"href":"https:\/\/agora.xtec.cat\/escolademusicsijpc\/wp-json\/wp\/v2\/tags?post=6079"}],"curies":[{"name":"wp","href":"https:\/\/api.w.org\/{rel}","templated":true}]}}