{"id":6075,"date":"2017-09-22T16:03:27","date_gmt":"2017-09-22T14:03:27","guid":{"rendered":"http:\/\/agora.xtec.cat\/escolademusicsijpc\/?p=6075"},"modified":"2017-09-22T16:03:27","modified_gmt":"2017-09-22T14:03:27","slug":"la-setmana-de-lamic","status":"publish","type":"post","link":"https:\/\/agora.xtec.cat\/escolademusicsijpc\/master-classes\/la-setmana-de-lamic\/","title":{"rendered":"La setmana de l\u2019amic"},"content":{"rendered":"<p><a href=\"http:\/\/agora.xtec.cat\/escolademusicsijpc\/master-classes\/la-setmana-de-lamic\/attachment\/amic00a\/\" rel=\"attachment wp-att-6076\"><img loading=\"lazy\" decoding=\"async\" class=\"alignright size-medium wp-image-6076\" src=\"http:\/\/agora.xtec.cat\/escolademusicsijpc\/wp-content\/uploads\/usu459\/2017\/09\/amic00a-212x300.gif\" alt=\"\" width=\"212\" height=\"300\" \/><\/a>Benvolguts alumnes, mares i pares de l\u2019Escola de M\u00fasics i\u00a0JPC.<\/p>\n<p>Al llarg de tots aquests cursos sempre hi ha hagut alumnes i fam\u00edlies que els hi ha fet molta il\u00b7lusi\u00f3 portar companys d\u2019escola, amics i\/o familiars perqu\u00e8 vegin com toquen, aprenen i avancen els vostres fills amb la m\u00fasica.<\/p>\n<p>Davant d\u2019aquestes iniciatives espont\u00e0nies fetes pels alumnes i fam\u00edlies de l\u2019escola, el claustre de professors despr\u00e9s de valorar-les pedag\u00f2gicament molt positives i motivadores pels alumnes, ha decidit institucionalitzar:<br \/>\n<strong>LA SETMANA DE L\u2019AMIC<\/strong><br \/>\ndel 26 de setembre al 2 d\u2019octubre.<br \/>\nDurant aquesta setmana, tots els alumnes que vulguin, podran portar un amic o amiga a cadascuna de les classes que fan a l\u2019Escola.<\/p>\n<p>Perqu\u00e8 puguin veure els aven\u00e7os que fan els vostres fills, perqu\u00e8 vegin el que es fa a l\u2019Escola de M\u00fasics i\u00a0JPC, perqu\u00e8 vegin com treballem els professors i els alumnes i perqu\u00e8 coneguin de m\u00e9s a prop aquest meravell\u00f3s m\u00f3n que \u00e9s la m\u00fasica.<\/p>\n<p>Animeu-vos a portar el vostre amic o amiga a una classe d\u2019instrument, de cor, d\u2019orquestra, de combo, de sensibilitzaci\u00f3, etc.!<\/p>\n<p>Pel bon funcionament d\u2019aquesta setmana us demanem que aviseu als professors corresponents de: quants amics portareu (no poden ser molts per q\u00fcestions d\u2019espai), i quin dia.<br \/>\nRecordeu que TOTES les classes seran en l\u2019horari habitual.<\/p>\n<p>Molt bona setmana a tothom!<\/p>\n","protected":false},"excerpt":{"rendered":"<p><a href=\"http:\/\/agora.xtec.cat\/escolademusicsijpc\/master-classes\/la-setmana-de-lamic\/attachment\/amic00a\/\" rel=\"attachment wp-att-6076\"><\/a>Benvolguts alumnes, mares i pares de l\u2019Escola de M\u00fasics i\u00a0JPC.<br \/>\nAl llarg de tots aquests cursos sempre hi ha hagut alumnes i fam\u00edlies que els hi ha fet molta il\u00b7lusi\u00f3 portar companys d\u2019escola, amics i\/o familiars perqu\u00e8 vegin com toquen, aprenen i avancen&hellip;  <a href=\"https:\/\/agora.xtec.cat\/escolademusicsijpc\/master-classes\/la-setmana-de-lamic\/\" title=\"Read La setmana de l\u2019amic\">Llegeix m\u00e9s\u00bb<\/a><\/p>\n","protected":false},"author":3,"featured_media":6076,"comment_status":"open","ping_status":"closed","sticky":false,"template":"","format":"standard","meta":{"_bbp_topic_count":0,"_bbp_reply_count":0,"_bbp_total_topic_count":0,"_bbp_total_reply_count":0,"_bbp_voice_count":0,"_bbp_anonymous_reply_count":0,"_bbp_topic_count_hidden":0,"_bbp_reply_count_hidden":0,"_bbp_forum_subforum_count":0,"footnotes":""},"categories":[69,104],"tags":[],"class_list":["post-6075","post","type-post","status-publish","format-standard","has-post-thumbnail","hentry","category-master-classes","category-uncategorized"],"post_mailing_queue_ids":[],"_links":{"self":[{"href":"https:\/\/agora.xtec.cat\/escolademusicsijpc\/wp-json\/wp\/v2\/posts\/6075","targetHints":{"allow":["GET"]}}],"collection":[{"href":"https:\/\/agora.xtec.cat\/escolademusicsijpc\/wp-json\/wp\/v2\/posts"}],"about":[{"href":"https:\/\/agora.xtec.cat\/escolademusicsijpc\/wp-json\/wp\/v2\/types\/post"}],"author":[{"embeddable":true,"href":"https:\/\/agora.xtec.cat\/escolademusicsijpc\/wp-json\/wp\/v2\/users\/3"}],"replies":[{"embeddable":true,"href":"https:\/\/agora.xtec.cat\/escolademusicsijpc\/wp-json\/wp\/v2\/comments?post=6075"}],"version-history":[{"count":2,"href":"https:\/\/agora.xtec.cat\/escolademusicsijpc\/wp-json\/wp\/v2\/posts\/6075\/revisions"}],"predecessor-version":[{"id":6078,"href":"https:\/\/agora.xtec.cat\/escolademusicsijpc\/wp-json\/wp\/v2\/posts\/6075\/revisions\/6078"}],"wp:featuredmedia":[{"embeddable":true,"href":"https:\/\/agora.xtec.cat\/escolademusicsijpc\/wp-json\/wp\/v2\/media\/6076"}],"wp:attachment":[{"href":"https:\/\/agora.xtec.cat\/escolademusicsijpc\/wp-json\/wp\/v2\/media?parent=6075"}],"wp:term":[{"taxonomy":"category","embeddable":true,"href":"https:\/\/agora.xtec.cat\/escolademusicsijpc\/wp-json\/wp\/v2\/categories?post=6075"},{"taxonomy":"post_tag","embeddable":true,"href":"https:\/\/agora.xtec.cat\/escolademusicsijpc\/wp-json\/wp\/v2\/tags?post=6075"}],"curies":[{"name":"wp","href":"https:\/\/api.w.org\/{rel}","templated":true}]}}