{"id":6070,"date":"2017-09-14T20:18:45","date_gmt":"2017-09-14T18:18:45","guid":{"rendered":"http:\/\/agora.xtec.cat\/escolademusicsijpc\/?p=6070"},"modified":"2017-09-14T20:18:45","modified_gmt":"2017-09-14T18:18:45","slug":"roda-dinstruments-4","status":"publish","type":"post","link":"https:\/\/agora.xtec.cat\/escolademusicsijpc\/general\/roda-dinstruments-4\/","title":{"rendered":"Roda d\u2019instruments"},"content":{"rendered":"<div class=\"gmail_default\"><a href=\"http:\/\/agora.xtec.cat\/escolademusicsijpc\/general\/roda-dinstruments-4\/attachment\/roda30-set\/\" rel=\"attachment wp-att-6071\"><img loading=\"lazy\" decoding=\"async\" class=\"alignright size-medium wp-image-6071\" src=\"http:\/\/agora.xtec.cat\/escolademusicsijpc\/wp-content\/uploads\/usu459\/2017\/09\/roda30-set-212x300.gif\" alt=\"\" width=\"212\" height=\"300\" \/><\/a>Si vols tocar un segon instrument, si encara no en toques cap, si vols comen\u00e7ar a fer m\u00fasica o si tens un amic que en vulgui fer, vine el dissabte 30 de setembre al mat\u00ed a la Roda d\u2019instruments que farem a l\u2019escola.<\/div>\n<div class=\"gmail_default\"><\/div>\n<div class=\"gmail_default\">Tens temps fins al 27 de setembre per apuntar-te trucant a Secretaria de l\u2019escola al n\u00famero de tel\u00e8fon:\u00a0933010718.<\/div>\n<div class=\"gmail_default\"><\/div>\n<div class=\"gmail_default\">\u00c9s una\u00a0activitat gratu\u00efta amb places limitades.<\/div>\n","protected":false},"excerpt":{"rendered":"<p><a href=\"http:\/\/agora.xtec.cat\/escolademusicsijpc\/general\/roda-dinstruments-4\/attachment\/roda30-set\/\" rel=\"attachment wp-att-6071\"><\/a>Si vols tocar un segon instrument, si encara no en toques cap, si vols comen\u00e7ar a fer m\u00fasica o si tens un amic que en vulgui fer, vine el dissabte 30 de setembre al mat\u00ed a la Roda d\u2019instruments que farem a&hellip;  <a href=\"https:\/\/agora.xtec.cat\/escolademusicsijpc\/general\/roda-dinstruments-4\/\" title=\"Read Roda d\u2019instruments\">Llegeix m\u00e9s\u00bb<\/a><\/p>\n","protected":false},"author":3,"featured_media":6071,"comment_status":"open","ping_status":"closed","sticky":false,"template":"","format":"standard","meta":{"_bbp_topic_count":0,"_bbp_reply_count":0,"_bbp_total_topic_count":0,"_bbp_total_reply_count":0,"_bbp_voice_count":0,"_bbp_anonymous_reply_count":0,"_bbp_topic_count_hidden":0,"_bbp_reply_count_hidden":0,"_bbp_forum_subforum_count":0,"footnotes":""},"categories":[1,104],"tags":[],"class_list":["post-6070","post","type-post","status-publish","format-standard","has-post-thumbnail","hentry","category-general","category-uncategorized"],"post_mailing_queue_ids":[],"_links":{"self":[{"href":"https:\/\/agora.xtec.cat\/escolademusicsijpc\/wp-json\/wp\/v2\/posts\/6070","targetHints":{"allow":["GET"]}}],"collection":[{"href":"https:\/\/agora.xtec.cat\/escolademusicsijpc\/wp-json\/wp\/v2\/posts"}],"about":[{"href":"https:\/\/agora.xtec.cat\/escolademusicsijpc\/wp-json\/wp\/v2\/types\/post"}],"author":[{"embeddable":true,"href":"https:\/\/agora.xtec.cat\/escolademusicsijpc\/wp-json\/wp\/v2\/users\/3"}],"replies":[{"embeddable":true,"href":"https:\/\/agora.xtec.cat\/escolademusicsijpc\/wp-json\/wp\/v2\/comments?post=6070"}],"version-history":[{"count":2,"href":"https:\/\/agora.xtec.cat\/escolademusicsijpc\/wp-json\/wp\/v2\/posts\/6070\/revisions"}],"predecessor-version":[{"id":6073,"href":"https:\/\/agora.xtec.cat\/escolademusicsijpc\/wp-json\/wp\/v2\/posts\/6070\/revisions\/6073"}],"wp:featuredmedia":[{"embeddable":true,"href":"https:\/\/agora.xtec.cat\/escolademusicsijpc\/wp-json\/wp\/v2\/media\/6071"}],"wp:attachment":[{"href":"https:\/\/agora.xtec.cat\/escolademusicsijpc\/wp-json\/wp\/v2\/media?parent=6070"}],"wp:term":[{"taxonomy":"category","embeddable":true,"href":"https:\/\/agora.xtec.cat\/escolademusicsijpc\/wp-json\/wp\/v2\/categories?post=6070"},{"taxonomy":"post_tag","embeddable":true,"href":"https:\/\/agora.xtec.cat\/escolademusicsijpc\/wp-json\/wp\/v2\/tags?post=6070"}],"curies":[{"name":"wp","href":"https:\/\/api.w.org\/{rel}","templated":true}]}}