{"id":6035,"date":"2017-09-07T16:51:34","date_gmt":"2017-09-07T14:51:34","guid":{"rendered":"http:\/\/agora.xtec.cat\/escolademusicsijpc\/?p=6035"},"modified":"2017-09-07T17:11:33","modified_gmt":"2017-09-07T15:11:33","slug":"ravals-band-%c2%b7-convocatoria-2017","status":"publish","type":"post","link":"https:\/\/agora.xtec.cat\/escolademusicsijpc\/general\/ravals-band-%c2%b7-convocatoria-2017\/","title":{"rendered":"Raval\u2019s Band \u00b7 Convocat\u00f2ria 2017"},"content":{"rendered":"<p><strong>Qu\u00e8 \u00e9s la Raval\u2019s Band?<\/strong><\/p>\n<p><a href=\"http:\/\/agora.xtec.cat\/escolademusicsijpc\/general\/ravals-band-%c2%b7-convocatoria-2017\/attachment\/butlleta-sinscripcio-davan-2\/\" rel=\"attachment wp-att-6038\"><img loading=\"lazy\" decoding=\"async\" class=\"alignright size-medium wp-image-6038\" src=\"http:\/\/agora.xtec.cat\/escolademusicsijpc\/wp-content\/uploads\/usu459\/2017\/09\/Butlleta-sinscripci\u00f3-davan-143x300.gif\" alt=\"\" width=\"143\" height=\"300\" \/><\/a>\u00c9s la banda de m\u00fasica del barri del Raval. Volem que estigui\u00a0formada per gent de Ciutat Vella que toqui instruments de vent metall, vent fusta i percussi\u00f3. A trav\u00e9s de la Raval\u2019s Band es facilita una formaci\u00f3 instrumental i de banda per a persones que tinguin algun coneixement musical.<\/p>\n<p><strong>Qui pot formar part de la Raval\u2019s Band?<\/strong><\/p>\n<p>Aquesta convocat\u00f2ria va adre\u00e7ada a totes aquelles persones que toquin un instrument de vent o percussi\u00f3 i visquin al districte de Ciutat Vella, o siguin membres d\u2019alguna associaci\u00f3 o entitat del districte. Tindran prefer\u00e8ncia aquells candidats o candidates que siguin del barri del Raval.<\/p>\n<p><strong>Inscripci\u00f3<\/strong><\/p>\n<p>Les persones interessades heu de presentar-vos a una audici\u00f3. Heu de fer-nos arribar abans del 30 de setembre d\u2019enguany la butlleta d\u2019inscripci\u00f3 correctament omplerta.<\/p>\n<ul>\n<li>\n<h4><a href=\"http:\/\/agora.xtec.cat\/escolademusicsijpc\/general\/ravals-band-%c2%b7-convocatoria-2017\/attachment\/butlleta-dinscripcio-pel-davant\/\" rel=\"attachment wp-att-6040\">Butlleta d&#8217;inscripci\u00f3 pel davant<\/a><\/h4>\n<\/li>\n<li>\n<h4><a href=\"http:\/\/agora.xtec.cat\/escolademusicsijpc\/general\/ravals-band-%c2%b7-convocatoria-2017\/attachment\/butlleta-dinscripcio-pel-darrere\/\" rel=\"attachment wp-att-6039\">Butlleta d&#8217;inscripci\u00f3 pel darrere<\/a><\/h4>\n<\/li>\n<\/ul>\n<p><strong>Les butlletes es poden enviar per:<\/strong><\/p>\n<ul>\n<li>correu postal a l\u2019Escola de M\u00fasica Juan Pedro Carrero, carrer del Carme, 15-17. 08001 Barcelona, tel\u00e8fons 933 010 718 \/ 933 011 468.<\/li>\n<li>correu electr\u00f2nic:\u00a0<a href=\"mailto:escolademusics@hotmail.com\">escolademusics@hotmail.com<\/a><\/li>\n<li>o b\u00e9 lliurar en m\u00e0 a la mateixa associaci\u00f3, de dilluns a divendres, de 10 a 20 h.<\/li>\n<\/ul>\n<p><strong>Repertori<\/strong><\/p>\n<p>Si voleu formar part de la Raval\u2019s Band heu de presentar dues obres de lliure elecci\u00f3 i un petit curr\u00edculum explicant la vostra experi\u00e8ncia musical. No demanem grans coneixements de m\u00fasica. No \u00e9s imprescindible saber llegir m\u00fasica mentre sapigueu tocar el vostre instrument.<\/p>\n","protected":false},"excerpt":{"rendered":"<p>Qu\u00e8 \u00e9s la Raval\u2019s Band?<br \/>\n<a href=\"http:\/\/agora.xtec.cat\/escolademusicsijpc\/general\/ravals-band-%c2%b7-convocatoria-2017\/attachment\/butlleta-sinscripcio-davan-2\/\" rel=\"attachment wp-att-6038\"><\/a>\u00c9s la banda de m\u00fasica del barri del Raval. Volem que estigui\u00a0formada per gent de Ciutat Vella que toqui instruments de vent metall, vent fusta i percussi\u00f3. A trav\u00e9s de la Raval\u2019s Band es facilita una formaci\u00f3 instrumental&hellip;  <a href=\"https:\/\/agora.xtec.cat\/escolademusicsijpc\/general\/ravals-band-%c2%b7-convocatoria-2017\/\" title=\"Read Raval\u2019s Band \u00b7 Convocat\u00f2ria 2017\">Llegeix m\u00e9s\u00bb<\/a><\/p>\n","protected":false},"author":3,"featured_media":6038,"comment_status":"open","ping_status":"closed","sticky":false,"template":"","format":"standard","meta":{"_bbp_topic_count":0,"_bbp_reply_count":0,"_bbp_total_topic_count":0,"_bbp_total_reply_count":0,"_bbp_voice_count":0,"_bbp_anonymous_reply_count":0,"_bbp_topic_count_hidden":0,"_bbp_reply_count_hidden":0,"_bbp_forum_subforum_count":0,"footnotes":""},"categories":[1,75,104],"tags":[],"class_list":["post-6035","post","type-post","status-publish","format-standard","has-post-thumbnail","hentry","category-general","category-ravals-band","category-uncategorized"],"post_mailing_queue_ids":[],"_links":{"self":[{"href":"https:\/\/agora.xtec.cat\/escolademusicsijpc\/wp-json\/wp\/v2\/posts\/6035","targetHints":{"allow":["GET"]}}],"collection":[{"href":"https:\/\/agora.xtec.cat\/escolademusicsijpc\/wp-json\/wp\/v2\/posts"}],"about":[{"href":"https:\/\/agora.xtec.cat\/escolademusicsijpc\/wp-json\/wp\/v2\/types\/post"}],"author":[{"embeddable":true,"href":"https:\/\/agora.xtec.cat\/escolademusicsijpc\/wp-json\/wp\/v2\/users\/3"}],"replies":[{"embeddable":true,"href":"https:\/\/agora.xtec.cat\/escolademusicsijpc\/wp-json\/wp\/v2\/comments?post=6035"}],"version-history":[{"count":3,"href":"https:\/\/agora.xtec.cat\/escolademusicsijpc\/wp-json\/wp\/v2\/posts\/6035\/revisions"}],"predecessor-version":[{"id":6037,"href":"https:\/\/agora.xtec.cat\/escolademusicsijpc\/wp-json\/wp\/v2\/posts\/6035\/revisions\/6037"}],"wp:featuredmedia":[{"embeddable":true,"href":"https:\/\/agora.xtec.cat\/escolademusicsijpc\/wp-json\/wp\/v2\/media\/6038"}],"wp:attachment":[{"href":"https:\/\/agora.xtec.cat\/escolademusicsijpc\/wp-json\/wp\/v2\/media?parent=6035"}],"wp:term":[{"taxonomy":"category","embeddable":true,"href":"https:\/\/agora.xtec.cat\/escolademusicsijpc\/wp-json\/wp\/v2\/categories?post=6035"},{"taxonomy":"post_tag","embeddable":true,"href":"https:\/\/agora.xtec.cat\/escolademusicsijpc\/wp-json\/wp\/v2\/tags?post=6035"}],"curies":[{"name":"wp","href":"https:\/\/api.w.org\/{rel}","templated":true}]}}