{"id":6005,"date":"2017-05-17T18:05:03","date_gmt":"2017-05-17T16:05:03","guid":{"rendered":"http:\/\/agora.xtec.cat\/escolademusicsijpc\/?p=6005"},"modified":"2017-05-17T18:05:03","modified_gmt":"2017-05-17T16:05:03","slug":"roda-dinstruments-3","status":"publish","type":"post","link":"https:\/\/agora.xtec.cat\/escolademusicsijpc\/uncategorized\/roda-dinstruments-3\/","title":{"rendered":"Roda d\u2019instruments"},"content":{"rendered":"<div class=\"gmail_default\" style=\"text-align: justify;\"><a href=\"http:\/\/agora.xtec.cat\/escolademusicsijpc\/matriculacio-2015-2016\/roda-dinstruments-3\/attachment\/rodainstruments27\/\" rel=\"attachment wp-att-6006\"><img loading=\"lazy\" decoding=\"async\" class=\"size-medium wp-image-6006 alignright\" src=\"http:\/\/agora.xtec.cat\/escolademusicsijpc\/wp-content\/uploads\/usu459\/2017\/05\/rodainstruments27-212x300.gif\" alt=\"rodainstruments27\" width=\"212\" height=\"300\" \/><\/a>Si vols tocar un segon instrument, si encara no toques cap, si vols comen\u00e7ar a fer m\u00fasica o si tens un amic que en vulgui fer, vine el dissabte 27 de maig al mat\u00ed a la Roda d\u2019instruments que farem a l\u2019escola.<\/div>\n<div class=\"gmail_default\" style=\"text-align: justify;\"><\/div>\n<div class=\"gmail_default\" style=\"text-align: justify;\">Tens temps fins al 25 de maig per apuntar-te trucant a Secretaria de l\u2019escola al n\u00famero de tel\u00e8fon:\u00a0933010718.<\/div>\n<div class=\"gmail_default\" style=\"text-align: justify;\"><\/div>\n<div class=\"gmail_default\" style=\"text-align: justify;\">\u00c9s una\u00a0activitat gratu\u00efta amb places limitades.<\/div>\n","protected":false},"excerpt":{"rendered":"<p><a href=\"http:\/\/agora.xtec.cat\/escolademusicsijpc\/matriculacio-2015-2016\/roda-dinstruments-3\/attachment\/rodainstruments27\/\" rel=\"attachment wp-att-6006\"><\/a>Si vols tocar un segon instrument, si encara no toques cap, si vols comen\u00e7ar a fer m\u00fasica o si tens un amic que en vulgui fer, vine el dissabte 27 de maig al mat\u00ed a la Roda d\u2019instruments que farem a l\u2019escola.<\/p>\n<p>Tens&hellip;  <a href=\"https:\/\/agora.xtec.cat\/escolademusicsijpc\/uncategorized\/roda-dinstruments-3\/\" title=\"Read Roda d\u2019instruments\">Llegeix m\u00e9s\u00bb<\/a><\/p>\n","protected":false},"author":3,"featured_media":6006,"comment_status":"open","ping_status":"open","sticky":false,"template":"","format":"standard","meta":{"_bbp_topic_count":0,"_bbp_reply_count":0,"_bbp_total_topic_count":0,"_bbp_total_reply_count":0,"_bbp_voice_count":0,"_bbp_anonymous_reply_count":0,"_bbp_topic_count_hidden":0,"_bbp_reply_count_hidden":0,"_bbp_forum_subforum_count":0,"footnotes":""},"categories":[104],"tags":[],"class_list":["post-6005","post","type-post","status-publish","format-standard","has-post-thumbnail","hentry","category-uncategorized"],"post_mailing_queue_ids":[],"_links":{"self":[{"href":"https:\/\/agora.xtec.cat\/escolademusicsijpc\/wp-json\/wp\/v2\/posts\/6005","targetHints":{"allow":["GET"]}}],"collection":[{"href":"https:\/\/agora.xtec.cat\/escolademusicsijpc\/wp-json\/wp\/v2\/posts"}],"about":[{"href":"https:\/\/agora.xtec.cat\/escolademusicsijpc\/wp-json\/wp\/v2\/types\/post"}],"author":[{"embeddable":true,"href":"https:\/\/agora.xtec.cat\/escolademusicsijpc\/wp-json\/wp\/v2\/users\/3"}],"replies":[{"embeddable":true,"href":"https:\/\/agora.xtec.cat\/escolademusicsijpc\/wp-json\/wp\/v2\/comments?post=6005"}],"version-history":[{"count":3,"href":"https:\/\/agora.xtec.cat\/escolademusicsijpc\/wp-json\/wp\/v2\/posts\/6005\/revisions"}],"predecessor-version":[{"id":6011,"href":"https:\/\/agora.xtec.cat\/escolademusicsijpc\/wp-json\/wp\/v2\/posts\/6005\/revisions\/6011"}],"wp:featuredmedia":[{"embeddable":true,"href":"https:\/\/agora.xtec.cat\/escolademusicsijpc\/wp-json\/wp\/v2\/media\/6006"}],"wp:attachment":[{"href":"https:\/\/agora.xtec.cat\/escolademusicsijpc\/wp-json\/wp\/v2\/media?parent=6005"}],"wp:term":[{"taxonomy":"category","embeddable":true,"href":"https:\/\/agora.xtec.cat\/escolademusicsijpc\/wp-json\/wp\/v2\/categories?post=6005"},{"taxonomy":"post_tag","embeddable":true,"href":"https:\/\/agora.xtec.cat\/escolademusicsijpc\/wp-json\/wp\/v2\/tags?post=6005"}],"curies":[{"name":"wp","href":"https:\/\/api.w.org\/{rel}","templated":true}]}}