{"id":6001,"date":"2017-05-12T16:34:55","date_gmt":"2017-05-12T14:34:55","guid":{"rendered":"http:\/\/agora.xtec.cat\/escolademusicsijpc\/?p=6001"},"modified":"2017-05-12T16:34:55","modified_gmt":"2017-05-12T14:34:55","slug":"viii-flautada","status":"publish","type":"post","link":"https:\/\/agora.xtec.cat\/escolademusicsijpc\/general\/viii-flautada\/","title":{"rendered":"VIII FLAUTADA"},"content":{"rendered":"<p><a href=\"http:\/\/agora.xtec.cat\/escolademusicsijpc\/general\/viii-flautada\/attachment\/flautada\/\" rel=\"attachment wp-att-6002\"><img loading=\"lazy\" decoding=\"async\" class=\"size-medium wp-image-6002 alignright\" src=\"http:\/\/agora.xtec.cat\/escolademusicsijpc\/wp-content\/uploads\/usu459\/2017\/05\/flautada-212x300.gif\" alt=\"flautada\" width=\"212\" height=\"300\" \/><\/a>Barcelona \u00e9s bona si la Flautada hi sona! Aix\u00ed que ens veiem el dia 20 de maig per passar<br \/>\nun dia amb molta m\u00fasica, amics, jocs i amb molt de bon rollo!<\/p>\n<p>Museu Mar\u00edtim (entrada pel jard\u00ed del museu, Av. Drassanes s\/n) a les 19h,<\/p>\n<p>La Flautada t\u00e9 <a href=\"https:\/\/www.facebook.com\/flautada\">Facebook<\/a>! Si el voleu xafardejar\u2026<\/p>\n<p>Sanganxa bcn posaran una exposici\u00f3 de tot tipus de flautes perqu\u00e8 les pugueu provar durant<br \/>\nla jornada. A m\u00e9s a m\u00e9s podrem comptar amb Pere Alcon que \u00e9s un dels 3 t\u00e8cnics de<br \/>\nflautes de tot Espanya amb certificat de Straubinger!<\/p>\n","protected":false},"excerpt":{"rendered":"<p><a href=\"http:\/\/agora.xtec.cat\/escolademusicsijpc\/general\/viii-flautada\/attachment\/flautada\/\" rel=\"attachment wp-att-6002\"><\/a>Barcelona \u00e9s bona si la Flautada hi sona! Aix\u00ed que ens veiem el dia 20 de maig per passar<br \/>\nun dia amb molta m\u00fasica, amics, jocs i amb molt de bon rollo!<br \/>\nMuseu Mar\u00edtim (entrada pel jard\u00ed del museu, Av. Drassanes s\/n) a les&hellip;  <a href=\"https:\/\/agora.xtec.cat\/escolademusicsijpc\/general\/viii-flautada\/\" title=\"Read VIII FLAUTADA\">Llegeix m\u00e9s\u00bb<\/a><\/p>\n","protected":false},"author":3,"featured_media":6002,"comment_status":"open","ping_status":"open","sticky":false,"template":"","format":"standard","meta":{"_bbp_topic_count":0,"_bbp_reply_count":0,"_bbp_total_topic_count":0,"_bbp_total_reply_count":0,"_bbp_voice_count":0,"_bbp_anonymous_reply_count":0,"_bbp_topic_count_hidden":0,"_bbp_reply_count_hidden":0,"_bbp_forum_subforum_count":0,"footnotes":""},"categories":[63,1,104],"tags":[],"class_list":["post-6001","post","type-post","status-publish","format-standard","has-post-thumbnail","hentry","category-concerts","category-general","category-uncategorized"],"post_mailing_queue_ids":[],"_links":{"self":[{"href":"https:\/\/agora.xtec.cat\/escolademusicsijpc\/wp-json\/wp\/v2\/posts\/6001","targetHints":{"allow":["GET"]}}],"collection":[{"href":"https:\/\/agora.xtec.cat\/escolademusicsijpc\/wp-json\/wp\/v2\/posts"}],"about":[{"href":"https:\/\/agora.xtec.cat\/escolademusicsijpc\/wp-json\/wp\/v2\/types\/post"}],"author":[{"embeddable":true,"href":"https:\/\/agora.xtec.cat\/escolademusicsijpc\/wp-json\/wp\/v2\/users\/3"}],"replies":[{"embeddable":true,"href":"https:\/\/agora.xtec.cat\/escolademusicsijpc\/wp-json\/wp\/v2\/comments?post=6001"}],"version-history":[{"count":2,"href":"https:\/\/agora.xtec.cat\/escolademusicsijpc\/wp-json\/wp\/v2\/posts\/6001\/revisions"}],"predecessor-version":[{"id":6004,"href":"https:\/\/agora.xtec.cat\/escolademusicsijpc\/wp-json\/wp\/v2\/posts\/6001\/revisions\/6004"}],"wp:featuredmedia":[{"embeddable":true,"href":"https:\/\/agora.xtec.cat\/escolademusicsijpc\/wp-json\/wp\/v2\/media\/6002"}],"wp:attachment":[{"href":"https:\/\/agora.xtec.cat\/escolademusicsijpc\/wp-json\/wp\/v2\/media?parent=6001"}],"wp:term":[{"taxonomy":"category","embeddable":true,"href":"https:\/\/agora.xtec.cat\/escolademusicsijpc\/wp-json\/wp\/v2\/categories?post=6001"},{"taxonomy":"post_tag","embeddable":true,"href":"https:\/\/agora.xtec.cat\/escolademusicsijpc\/wp-json\/wp\/v2\/tags?post=6001"}],"curies":[{"name":"wp","href":"https:\/\/api.w.org\/{rel}","templated":true}]}}