{"id":5985,"date":"2017-05-02T16:34:13","date_gmt":"2017-05-02T14:34:13","guid":{"rendered":"http:\/\/agora.xtec.cat\/escolademusicsijpc\/?p=5985"},"modified":"2017-05-02T16:34:14","modified_gmt":"2017-05-02T14:34:14","slug":"tecnic-afinador-de-piano","status":"publish","type":"post","link":"https:\/\/agora.xtec.cat\/escolademusicsijpc\/general\/tecnic-afinador-de-piano\/","title":{"rendered":"T\u00e8cnic Afinador de piano"},"content":{"rendered":"<p><a href=\"http:\/\/agora.xtec.cat\/escolademusicsijpc\/general\/tecnic-afinador-de-piano\/attachment\/afinacio2017\/\" rel=\"attachment wp-att-5986\"><img loading=\"lazy\" decoding=\"async\" class=\"size-medium wp-image-5986 alignright\" src=\"http:\/\/agora.xtec.cat\/escolademusicsijpc\/wp-content\/uploads\/usu459\/2017\/05\/afinacio2017-212x300.gif\" alt=\"afinacio2017\" width=\"212\" height=\"300\" \/><\/a>M\u00e0ster Classe T\u00e8cnic Afinador de piano a c\u00e0rrec la professora Gemma Godall Rovira.<\/p>\n<p>\u201cDescobreix com \u00e9s un piano per dins i coneix les nocions b\u00e0siques pel seu bon funcionament\u201d<br \/>\nDissabte 6 de maig de 2017<br \/>\nC\/Carme n.15 de 11 a 13h.<br \/>\nPlaces limitades<br \/>\nInscripci\u00f3 gratu\u00efta.<\/p>\n","protected":false},"excerpt":{"rendered":"<p><a href=\"http:\/\/agora.xtec.cat\/escolademusicsijpc\/general\/tecnic-afinador-de-piano\/attachment\/afinacio2017\/\" rel=\"attachment wp-att-5986\"><\/a>M\u00e0ster Classe T\u00e8cnic Afinador de piano a c\u00e0rrec la professora Gemma Godall Rovira.<br \/>\n\u201cDescobreix com \u00e9s un piano per dins i coneix les nocions b\u00e0siques pel seu bon funcionament\u201d<br \/>\nDissabte 6 de maig de 2017<br \/>\nC\/Carme n.15 de 11 a 13h.<br \/>\nPlaces limitades<br \/>\nInscripci\u00f3 gratu\u00efta.<\/p>\n","protected":false},"author":3,"featured_media":5986,"comment_status":"open","ping_status":"open","sticky":false,"template":"","format":"standard","meta":{"_bbp_topic_count":0,"_bbp_reply_count":0,"_bbp_total_topic_count":0,"_bbp_total_reply_count":0,"_bbp_voice_count":0,"_bbp_anonymous_reply_count":0,"_bbp_topic_count_hidden":0,"_bbp_reply_count_hidden":0,"_bbp_forum_subforum_count":0,"footnotes":""},"categories":[1,69,104],"tags":[],"class_list":["post-5985","post","type-post","status-publish","format-standard","has-post-thumbnail","hentry","category-general","category-master-classes","category-uncategorized"],"post_mailing_queue_ids":[],"_links":{"self":[{"href":"https:\/\/agora.xtec.cat\/escolademusicsijpc\/wp-json\/wp\/v2\/posts\/5985","targetHints":{"allow":["GET"]}}],"collection":[{"href":"https:\/\/agora.xtec.cat\/escolademusicsijpc\/wp-json\/wp\/v2\/posts"}],"about":[{"href":"https:\/\/agora.xtec.cat\/escolademusicsijpc\/wp-json\/wp\/v2\/types\/post"}],"author":[{"embeddable":true,"href":"https:\/\/agora.xtec.cat\/escolademusicsijpc\/wp-json\/wp\/v2\/users\/3"}],"replies":[{"embeddable":true,"href":"https:\/\/agora.xtec.cat\/escolademusicsijpc\/wp-json\/wp\/v2\/comments?post=5985"}],"version-history":[{"count":2,"href":"https:\/\/agora.xtec.cat\/escolademusicsijpc\/wp-json\/wp\/v2\/posts\/5985\/revisions"}],"predecessor-version":[{"id":5988,"href":"https:\/\/agora.xtec.cat\/escolademusicsijpc\/wp-json\/wp\/v2\/posts\/5985\/revisions\/5988"}],"wp:featuredmedia":[{"embeddable":true,"href":"https:\/\/agora.xtec.cat\/escolademusicsijpc\/wp-json\/wp\/v2\/media\/5986"}],"wp:attachment":[{"href":"https:\/\/agora.xtec.cat\/escolademusicsijpc\/wp-json\/wp\/v2\/media?parent=5985"}],"wp:term":[{"taxonomy":"category","embeddable":true,"href":"https:\/\/agora.xtec.cat\/escolademusicsijpc\/wp-json\/wp\/v2\/categories?post=5985"},{"taxonomy":"post_tag","embeddable":true,"href":"https:\/\/agora.xtec.cat\/escolademusicsijpc\/wp-json\/wp\/v2\/tags?post=5985"}],"curies":[{"name":"wp","href":"https:\/\/api.w.org\/{rel}","templated":true}]}}