{"id":5977,"date":"2017-03-29T17:03:22","date_gmt":"2017-03-29T15:03:22","guid":{"rendered":"http:\/\/agora.xtec.cat\/escolademusicsijpc\/?p=5977"},"modified":"2017-03-29T17:03:22","modified_gmt":"2017-03-29T15:03:22","slug":"recital-de-guitarra-classica-amb-bruna-escola","status":"publish","type":"post","link":"https:\/\/agora.xtec.cat\/escolademusicsijpc\/general\/recital-de-guitarra-classica-amb-bruna-escola\/","title":{"rendered":"Recital de guitarra cl\u00e0ssica amb Bruna Escol\u00e0"},"content":{"rendered":"<p><a href=\"http:\/\/agora.xtec.cat\/escolademusicsijpc\/general\/recital-de-guitarra-classica-amb-bruna-escola\/attachment\/bruna-i-mario\/\" rel=\"attachment wp-att-5978\"><img loading=\"lazy\" decoding=\"async\" class=\"size-medium wp-image-5978 alignright\" src=\"http:\/\/agora.xtec.cat\/escolademusicsijpc\/wp-content\/uploads\/usu459\/2017\/03\/bruna-i-mario-212x300.gif\" alt=\"bruna-i-mario\" width=\"212\" height=\"300\" \/><\/a><\/p>\n<p>Recital de guitarra cl\u00e0ssica amb Bruna Escol\u00e0.<\/p>\n<p>El concert l\u2019obrir\u00e0 Ram\u00f3n del R\u00edo.<\/p>\n<p>Obres de Frescobaldi, Bach, Giuliani i Brouwer entre d\u2019altres.<\/p>\n<p>Vine i gaudeix de la m\u00e0gia de la guitarra!<\/p>\n<p>3 d\u2019Abril de 2017 a les 20 del vespre al Centre St. Pere Ap\u00f2stol (Sant Pere M\u00e9s Alt, 25)<\/p>\n","protected":false},"excerpt":{"rendered":"<p><a href=\"http:\/\/agora.xtec.cat\/escolademusicsijpc\/general\/recital-de-guitarra-classica-amb-bruna-escola\/attachment\/bruna-i-mario\/\" rel=\"attachment wp-att-5978\"><\/a><br \/>\nRecital de guitarra cl\u00e0ssica amb Bruna Escol\u00e0.<br \/>\nEl concert l\u2019obrir\u00e0 Ram\u00f3n del R\u00edo.<br \/>\nObres de Frescobaldi, Bach, Giuliani i Brouwer entre d\u2019altres.<br \/>\nVine i gaudeix de la m\u00e0gia de la guitarra!<br \/>\n3 d\u2019Abril de 2017 a les 20 del vespre al Centre St. Pere Ap\u00f2stol (Sant&hellip;  <a href=\"https:\/\/agora.xtec.cat\/escolademusicsijpc\/general\/recital-de-guitarra-classica-amb-bruna-escola\/\" title=\"Read Recital de guitarra cl\u00e0ssica amb Bruna Escol\u00e0\">Llegeix m\u00e9s\u00bb<\/a><\/p>\n","protected":false},"author":3,"featured_media":5978,"comment_status":"open","ping_status":"open","sticky":false,"template":"","format":"standard","meta":{"_bbp_topic_count":0,"_bbp_reply_count":0,"_bbp_total_topic_count":0,"_bbp_total_reply_count":0,"_bbp_voice_count":0,"_bbp_anonymous_reply_count":0,"_bbp_topic_count_hidden":0,"_bbp_reply_count_hidden":0,"_bbp_forum_subforum_count":0,"footnotes":""},"categories":[1,104],"tags":[],"class_list":["post-5977","post","type-post","status-publish","format-standard","has-post-thumbnail","hentry","category-general","category-uncategorized"],"post_mailing_queue_ids":[],"_links":{"self":[{"href":"https:\/\/agora.xtec.cat\/escolademusicsijpc\/wp-json\/wp\/v2\/posts\/5977","targetHints":{"allow":["GET"]}}],"collection":[{"href":"https:\/\/agora.xtec.cat\/escolademusicsijpc\/wp-json\/wp\/v2\/posts"}],"about":[{"href":"https:\/\/agora.xtec.cat\/escolademusicsijpc\/wp-json\/wp\/v2\/types\/post"}],"author":[{"embeddable":true,"href":"https:\/\/agora.xtec.cat\/escolademusicsijpc\/wp-json\/wp\/v2\/users\/3"}],"replies":[{"embeddable":true,"href":"https:\/\/agora.xtec.cat\/escolademusicsijpc\/wp-json\/wp\/v2\/comments?post=5977"}],"version-history":[{"count":2,"href":"https:\/\/agora.xtec.cat\/escolademusicsijpc\/wp-json\/wp\/v2\/posts\/5977\/revisions"}],"predecessor-version":[{"id":5980,"href":"https:\/\/agora.xtec.cat\/escolademusicsijpc\/wp-json\/wp\/v2\/posts\/5977\/revisions\/5980"}],"wp:featuredmedia":[{"embeddable":true,"href":"https:\/\/agora.xtec.cat\/escolademusicsijpc\/wp-json\/wp\/v2\/media\/5978"}],"wp:attachment":[{"href":"https:\/\/agora.xtec.cat\/escolademusicsijpc\/wp-json\/wp\/v2\/media?parent=5977"}],"wp:term":[{"taxonomy":"category","embeddable":true,"href":"https:\/\/agora.xtec.cat\/escolademusicsijpc\/wp-json\/wp\/v2\/categories?post=5977"},{"taxonomy":"post_tag","embeddable":true,"href":"https:\/\/agora.xtec.cat\/escolademusicsijpc\/wp-json\/wp\/v2\/tags?post=5977"}],"curies":[{"name":"wp","href":"https:\/\/api.w.org\/{rel}","templated":true}]}}