{"id":5948,"date":"2017-03-20T21:06:55","date_gmt":"2017-03-20T20:06:55","guid":{"rendered":"http:\/\/agora.xtec.cat\/escolademusicsijpc\/?p=5948"},"modified":"2017-03-20T21:08:18","modified_gmt":"2017-03-20T20:08:18","slug":"ajuts-economics-beques-per-a-estudis-musicals-201718-demipac","status":"publish","type":"post","link":"https:\/\/agora.xtec.cat\/escolademusicsijpc\/general\/ajuts-economics-beques-per-a-estudis-musicals-201718-demipac\/","title":{"rendered":"Ajuts econ\u00f2mics (beques) per a estudis musicals 2017\/18 d\u2019EMIPAC"},"content":{"rendered":"<header class=\"entry-header\">\n<div class=\"entry-content\">\n<p dir=\"ltr\">20\/03\/2017<\/p>\n<p dir=\"ltr\">Benvolguts alumnes, mares i pares de l\u2019Escola de M\u00fasics i JPC.<\/p>\n<p>L\u2019Escola de M\u00fasics i JPC des de la seva creaci\u00f3, al 1992, ha lluitat per millorar la qualitat de l\u2019ensenyament musical a Catalunya treballant amb gran il\u00b7lusi\u00f3 amb l\u2019objectiu d\u2019ensenyar als alumnes a gaudir i expressar-se mitjan\u00e7ant la m\u00fasica. Creiem que la m\u00fasica \u00e9s un art, un llenguatge universal, una manera d\u2019expressar-se, i per tant, s\u2019ha de gaudir en totes les seves etapes d\u2019aprenentatge intentant que arribi a tothom per igual, sense tenir en compte difer\u00e8ncies socials, culturals i\/o econ\u00f2miques.<\/p>\n<p>En l\u00ednia amb aquesta tasca i despr\u00e8s de molts anys lluitant i treballant conjuntament amb l\u2019EMIPAC ( Associaci\u00f3 d\u2019Escoles de M\u00fasica de Catalunya), de la que formem part com a membres actius de la junta.<\/p>\n<p>\u00c9s un plaer per a nosaltres comunicar-vos que, per trecer any consecutiu, s\u2019ha signat un nou conveni de col\u00b7laboraci\u00f3 entre l\u2019Ajuntament de Barcelona i l\u2019EMIPAC per promoure una l\u00ednia d\u2019ajuts\u00a0econ\u00f2mics per l\u2019educaci\u00f3 musical, adre\u00e7at a totes aquelles fam\u00edlies amb dificultats econ\u00f2miques , amb fills, nascuts entre el 1993 i el 2013, inscrits pel curs 2016-17 a una escola de m\u00fasica autoritzada pel Departament d\u2019Ensenyament de la Generalitat de Catalunya, com L\u2019Escola de M\u00fasics i JPC.<\/p>\n<p>Les bases i la sol\u00b7licitud de la convocat\u00f2ria dels\u00a0ajuts les podreu trobar a la WEB d\u2019EMIPAC.<\/p>\n<p dir=\"ltr\">Us adjuntem les bases dels ajuts i la sol\u00b7licitud perqu\u00e8 pugueu preparar els documents necessaris el m\u00e9s aviat possible.<\/p>\n<ul>\n<li><a href=\"https:\/\/lescolademusicsijpc.wordpress.com\/2017\/03\/20\/ajuts-economics-beques-per-a-estudis-musicals-201718-demipac\/bases-ajuts-curs-2016-2017\/\" rel=\"attachment wp-att-5355\">BASES-AJUTS-CURS-2016-2017<\/a><\/li>\n<li><a href=\"https:\/\/lescolademusicsijpc.wordpress.com\/2017\/03\/20\/ajuts-economics-beques-per-a-estudis-musicals-201718-demipac\/certificat-escola\/\" rel=\"attachment wp-att-5357\">CERTIFICAT ESCOLA<\/a><\/li>\n<li><a href=\"https:\/\/lescolademusicsijpc.wordpress.com\/2017\/03\/20\/ajuts-economics-beques-per-a-estudis-musicals-201718-demipac\/sol-licitud-emipac\/\" rel=\"attachment wp-att-5359\">SOL-LICITUD EMIPAC<\/a><\/li>\n<\/ul>\n<p dir=\"ltr\">La Convocat\u00f2ria dels ajuts s\u2019obra el 17 de mar\u00e7 i es tanca el 11 d\u2019abril.<\/p>\n<p dir=\"ltr\">EMIPAC aconsella que:<\/p>\n<ul>\n<li>Reviseu l\u2019apartat 7.1 de les Bases, mireu la documentaci\u00f3 que demanem.<\/li>\n<li>Per a facilitar-vos les tasques enguany numerem la documentaci\u00f3 d\u2019aquesta forma:<\/li>\n<li>Documents 1 i 2:\u00a0S\u00f3n la Sol\u00b7licitud d\u2019Ajut i el Certificat de l\u2019Escola que us omplir\u00e0 l\u2019Escola. En la tercera p\u00e0gina disposeu d\u2019una fulla que servir\u00e0 de comprovant del que heu presentat quan ho porteu al nostre despatx.<\/li>\n<li>Document 3: Certificat d\u2019Empadronament: Cal demanar a les Oficines del vostre Districte de l\u2019Ajuntament de Barcelona que us lliuri aquest Certificat que ha d\u2019acreditar que la unitat familiar est\u00e0 empadronada a Barcelona.<\/li>\n<li>Document 4: Fotoc\u00f2pia de la totalitat de p\u00e0gines emplenades del Llibre de Fam\u00edlia<\/li>\n<li>Document 5: Declaraci\u00f3 de IRPF corresponent a l\u2019exercici 2015.<\/li>\n<li>Document 6: Justificant documental d\u2019haver abonat la matr\u00edcula al curs pel qual es demana l\u2019Ajut.<br class=\"m_-4005977816006749582gmail-kix-line-break\" \/><br class=\"m_-4005977816006749582gmail-kix-line-break\" \/>Altres documents: Si s\u2019escau, cal que ens aporteu la Fotoc\u00f2pia del Carnet de Fam\u00edlia Nombrosa, Certificat acreditatiu de la discapacitat superior al 33% reconeguda per la Generalitat i Carnet de fam\u00edlia monoparental. Tots aquests documents han de ser vigents des del 2015.<br class=\"m_-4005977816006749582gmail-kix-line-break\" \/>Us demanem que analitzeu amb atenci\u00f3 aquesta documentaci\u00f3 que sol\u00b7licitem ja que no acceptarem documentaci\u00f3 que no arribi complerta.<\/li>\n<\/ul>\n<p>Per a qualsevol altre dubte podeu consultar-nos, ens podeu trobar als horaris habituals de secretaria:<\/p>\n<p>Matins de dilluns a divendres de 10 a 14h C\/Carme 15-17 Tel: 933 010 718<\/p>\n<p dir=\"ltr\">Tardes de dilluns a divendres de 16 a 21h C\/Riera Alta 10 i 43, C\/Carme 15-17 Tel: 934 410 031<\/p>\n<\/div>\n<\/header>\n<p style=\"text-align: center;\">**************************************<\/p>\n","protected":false},"excerpt":{"rendered":"<p>20\/03\/2017<br \/>\nBenvolguts alumnes, mares i pares de l\u2019Escola de M\u00fasics i JPC.<br \/>\nL\u2019Escola de M\u00fasics i JPC des de la seva creaci\u00f3, al 1992, ha lluitat per millorar la qualitat de l\u2019ensenyament musical a Catalunya treballant amb gran il\u00b7lusi\u00f3 amb l\u2019objectiu d\u2019ensenyar als alumnes a gaudir i&hellip;  <a href=\"https:\/\/agora.xtec.cat\/escolademusicsijpc\/general\/ajuts-economics-beques-per-a-estudis-musicals-201718-demipac\/\" title=\"Read Ajuts econ\u00f2mics (beques) per a estudis musicals 2017\/18 d\u2019EMIPAC\">Llegeix m\u00e9s\u00bb<\/a><\/p>\n","protected":false},"author":3,"featured_media":0,"comment_status":"open","ping_status":"open","sticky":false,"template":"","format":"standard","meta":{"_bbp_topic_count":0,"_bbp_reply_count":0,"_bbp_total_topic_count":0,"_bbp_total_reply_count":0,"_bbp_voice_count":0,"_bbp_anonymous_reply_count":0,"_bbp_topic_count_hidden":0,"_bbp_reply_count_hidden":0,"_bbp_forum_subforum_count":0,"footnotes":""},"categories":[1,73,104],"tags":[],"class_list":["post-5948","post","type-post","status-publish","format-standard","hentry","category-general","category-premsa","category-uncategorized"],"post_mailing_queue_ids":[],"_links":{"self":[{"href":"https:\/\/agora.xtec.cat\/escolademusicsijpc\/wp-json\/wp\/v2\/posts\/5948","targetHints":{"allow":["GET"]}}],"collection":[{"href":"https:\/\/agora.xtec.cat\/escolademusicsijpc\/wp-json\/wp\/v2\/posts"}],"about":[{"href":"https:\/\/agora.xtec.cat\/escolademusicsijpc\/wp-json\/wp\/v2\/types\/post"}],"author":[{"embeddable":true,"href":"https:\/\/agora.xtec.cat\/escolademusicsijpc\/wp-json\/wp\/v2\/users\/3"}],"replies":[{"embeddable":true,"href":"https:\/\/agora.xtec.cat\/escolademusicsijpc\/wp-json\/wp\/v2\/comments?post=5948"}],"version-history":[{"count":2,"href":"https:\/\/agora.xtec.cat\/escolademusicsijpc\/wp-json\/wp\/v2\/posts\/5948\/revisions"}],"predecessor-version":[{"id":5950,"href":"https:\/\/agora.xtec.cat\/escolademusicsijpc\/wp-json\/wp\/v2\/posts\/5948\/revisions\/5950"}],"wp:attachment":[{"href":"https:\/\/agora.xtec.cat\/escolademusicsijpc\/wp-json\/wp\/v2\/media?parent=5948"}],"wp:term":[{"taxonomy":"category","embeddable":true,"href":"https:\/\/agora.xtec.cat\/escolademusicsijpc\/wp-json\/wp\/v2\/categories?post=5948"},{"taxonomy":"post_tag","embeddable":true,"href":"https:\/\/agora.xtec.cat\/escolademusicsijpc\/wp-json\/wp\/v2\/tags?post=5948"}],"curies":[{"name":"wp","href":"https:\/\/api.w.org\/{rel}","templated":true}]}}