{"id":5936,"date":"2017-03-15T17:23:28","date_gmt":"2017-03-15T16:23:28","guid":{"rendered":"http:\/\/agora.xtec.cat\/escolademusicsijpc\/?p=5936"},"modified":"2017-03-15T17:26:18","modified_gmt":"2017-03-15T16:26:18","slug":"preinscripcions-2017-18","status":"publish","type":"post","link":"https:\/\/agora.xtec.cat\/escolademusicsijpc\/general\/preinscripcions-2017-18\/","title":{"rendered":"Preinscripcions 2017-18"},"content":{"rendered":"<p><a href=\"http:\/\/agora.xtec.cat\/escolademusicsijpc\/general\/preinscripcions-2017-18\/attachment\/preinscripcio17\/\" rel=\"attachment wp-att-5938\"><img loading=\"lazy\" decoding=\"async\" class=\" wp-image-5938 alignright\" src=\"http:\/\/agora.xtec.cat\/escolademusicsijpc\/wp-content\/uploads\/usu459\/2017\/03\/preinscripcio17-212x300.gif\" alt=\"preinscripcio17\" width=\"143\" height=\"202\" \/><\/a>Benvolguts alumnes, mares i pares de l\u2019Escola de M\u00fasics i Escola de M\u00fasica JPC.<\/p>\n<p>Us comuniquem que a partir del 20 de mar\u00e7 ja podreu fer la preinscripci\u00f3 per al curs 2017-18.<br \/>\nUs fem arribar la normativa, dies i horaris de preinscripci\u00f3 i matriculaci\u00f3.<br \/>\nUs informem que el dissabte 18 de mar\u00e7 farem proves d\u2019instrument per a tots aquells alumnes que es vulguin matricular d\u2019un segon instrument el curs vinent. Per concretar els horaris de les proves poseu-vos en contacte amb secretaria.<\/p>\n<p>Criteris a l\u2019hora de fer els horaris<br \/>\n1. Tindran prefer\u00e8ncia els alumnes que facin el programa oficial.<\/p>\n<p>a. Classes Grupals: Tindran prefer\u00e8ncia tots aquells antics alumnes que es preinscriguin en el programa oficial i es tancaran els grups per estricte ordre d\u2019arribada.<br \/>\nb. Classes individuals: Tindran prefer\u00e8ncia tots aquells antics alumnes que es preinscriguin en el programa oficial i els horaris es confeccionaran segons l\u2019edat de cada alumne (els petits m\u00e9s aviat i els grans m\u00e9s tard).<br \/>\n2. Tindran prefer\u00e8ncia hor\u00e0ria tots aquells alumnes que es matriculin abans del 31 de mar\u00e7.<br \/>\n3. Germans.<br \/>\n4. Antiguitat a l\u2019escola.<\/p>\n<p>Preincripci\u00f3 curs 2017-18:<br \/>\nEls alumnes que tinguin mensualitats pendents de pagament hauran d\u2019abonar-les abans de fer la preinscripci\u00f3.<\/p>\n<h4>Preus preinscripci\u00f3:<\/h4>\n<table width=\"584\">\n<tbody>\n<tr>\n<td width=\"169\">Programa oficial<\/td>\n<td width=\"217\">Programa lliure(amb alguna assignatura grupal)<\/td>\n<td width=\"197\">Programa lliure( sense assignatura grupal)<\/td>\n<\/tr>\n<tr>\n<td width=\"169\">50\u20ac<\/td>\n<td width=\"217\">60\u20ac<\/td>\n<td width=\"197\">80\u20ac<\/td>\n<\/tr>\n<\/tbody>\n<\/table>\n<p><strong>Descomptes preinscripci\u00f3 del 20 al 31 de mar\u00e7.<\/strong><\/p>\n<p>60% \u2013 Alumnes del programa oficial.<br \/>\n30% \u2013 Alumnes del programa lliure (amb assignatura grupal)<br \/>\n15% \u2013 Alumnes del programa lliure (sense assignatura grupal)<\/p>\n<p><strong>Confirmaci\u00f3 d\u2019horaris i matriculaci\u00f3:<\/strong><\/p>\n<p>15 de maig: alumnes preinscrits en el programa oficial.<br \/>\n29 de maig: alumnes preinscrits en el programa lliure.<\/p>\n<p>Tots aquells alumnes que no confirmin els horaris de la preinscripci\u00f3 i no signin la matr\u00edcula en el termini marcat, perdran els horaris assignats. L\u2019escola disposar\u00e0 d\u2019aquests horaris per fer canvis o per preinscriure nous alumnes.<\/p>\n<p><strong>Horaris de secretaria<\/strong><\/p>\n<table width=\"567\">\n<tbody>\n<tr>\n<td width=\"302\">Matins:de dilluns a divendres\u00a0de 10 a 14hC\/ Carme 15-17Tel: 93 301 07 18<\/td>\n<td width=\"265\">Tardes:de dilluns a divendres de 16 a 21 hC\/ Riera Alta 10, 43 i C\/ Carme 15-17Tel: 93 441 00 31<\/td>\n<\/tr>\n<\/tbody>\n<\/table>\n<p>L\u2019Escola aconsella seguir la programaci\u00f3 oficial que us adjuntem a continuaci\u00f3, i que s\u2019acreditar\u00e0 amb els seg\u00fcents diplomes:<\/p>\n<p><strong>Diploma acreditatiu de nivell elemental<\/strong><\/p>\n<p><strong>Assignatures m\u00ednimes que s\u2019han de cursar per l\u2019obtenci\u00f3 del diploma:<\/strong><br \/>\n6 cursos d\u2019instrument<br \/>\n6 cursos de llenguatge musical<br \/>\n4 cursos: de grup instrumental o d\u2019orquestra<\/p>\n<p><strong>Diploma acreditatiu de nivell professional (mitj\u00e0)<\/strong><\/p>\n<p><strong>Assignatures m\u00ednimes que s\u2019han de cursar per l\u2019obtenci\u00f3 del diploma:<\/strong><br \/>\n6 cursos d\u2019instrument<br \/>\n4 cursos de Llenguatge musical + 4 cursos d\u2019 harmonia<br \/>\n2 cursos de dictat i harmonia aplicada a l\u2019an\u00e0lisi, l\u2019audici\u00f3 i la hist\u00f2ria de la m\u00fasica, o d\u2019arranjaments i harmonia moderna<br \/>\n6 cursos de cant coral, grup instrumental o orquestra.<br \/>\n6 cursos de segon instrument<\/p>\n<p>Volem remarcar que aquesta programaci\u00f3 no \u00e9s obligat\u00f2ria.<\/p>\n<p>L\u2019Escola d\u00f3na l\u2019opci\u00f3 de seguir el projecte curricular per mitj\u00e0 d\u2019un programa lliure.<\/p>\n<p>L\u2019Escola es caracteritza per la seva flexibilitat, adaptant al m\u00e0xim possible la seva<br \/>\nprogramaci\u00f3 curricular a les caracter\u00edstiques i necessitats particulars de cada alumne.<\/p>\n<p>Si teniu dubtes de com fer la preinscripci\u00f3 o de quines assignatures matricular-vos, us podeu posar en contacte amb el professor\/a d\u2019instrument (tutor), amb secretaria o concretar una reuni\u00f3 individual amb direcci\u00f3. Tamb\u00e9 us adjuntem un dossier, on trobareu informaci\u00f3 de l\u2019Escola (ideari, programaci\u00f3, assignatures, professorat, activitats i d\u2019altres).<\/p>\n<p>Per a qualsevol dubte, ens podeu trobar en els horaris habituals de secretaria:<br \/>\nC\/ Carme 15-17<br \/>\nMatins: de dilluns a divendres de 10 a 14 h<br \/>\nTardes: de dilluns a divendres de 16 a 21h<br \/>\nDissabte: de 9 a 14h<br \/>\nTel: 93 301 07 18<\/p>\n<p>C\/ Riera Alta 10 i 43<br \/>\nTardes: de dilluns a divendres de 16 a 21 h<br \/>\nTel: 93 441 00 31<\/p>\n<p>Cordialment,<br \/>\nL\u2019Escola de M\u00fasics i Escola de M\u00fasica JPC<\/p>\n","protected":false},"excerpt":{"rendered":"<p><a href=\"http:\/\/agora.xtec.cat\/escolademusicsijpc\/general\/preinscripcions-2017-18\/attachment\/preinscripcio17\/\" rel=\"attachment wp-att-5938\"><\/a>Benvolguts alumnes, mares i pares de l\u2019Escola de M\u00fasics i Escola de M\u00fasica JPC.<br \/>\nUs comuniquem que a partir del 20 de mar\u00e7 ja podreu fer la preinscripci\u00f3 per al curs 2017-18.<br \/>\nUs fem arribar la normativa, dies i horaris de preinscripci\u00f3 i matriculaci\u00f3.<br \/>\nUs&hellip;  <a href=\"https:\/\/agora.xtec.cat\/escolademusicsijpc\/general\/preinscripcions-2017-18\/\" title=\"Read Preinscripcions 2017-18\">Llegeix m\u00e9s\u00bb<\/a><\/p>\n","protected":false},"author":3,"featured_media":5938,"comment_status":"open","ping_status":"open","sticky":false,"template":"","format":"standard","meta":{"_bbp_topic_count":0,"_bbp_reply_count":0,"_bbp_total_topic_count":0,"_bbp_total_reply_count":0,"_bbp_voice_count":0,"_bbp_anonymous_reply_count":0,"_bbp_topic_count_hidden":0,"_bbp_reply_count_hidden":0,"_bbp_forum_subforum_count":0,"footnotes":""},"categories":[1,104],"tags":[],"class_list":["post-5936","post","type-post","status-publish","format-standard","has-post-thumbnail","hentry","category-general","category-uncategorized"],"post_mailing_queue_ids":[],"_links":{"self":[{"href":"https:\/\/agora.xtec.cat\/escolademusicsijpc\/wp-json\/wp\/v2\/posts\/5936","targetHints":{"allow":["GET"]}}],"collection":[{"href":"https:\/\/agora.xtec.cat\/escolademusicsijpc\/wp-json\/wp\/v2\/posts"}],"about":[{"href":"https:\/\/agora.xtec.cat\/escolademusicsijpc\/wp-json\/wp\/v2\/types\/post"}],"author":[{"embeddable":true,"href":"https:\/\/agora.xtec.cat\/escolademusicsijpc\/wp-json\/wp\/v2\/users\/3"}],"replies":[{"embeddable":true,"href":"https:\/\/agora.xtec.cat\/escolademusicsijpc\/wp-json\/wp\/v2\/comments?post=5936"}],"version-history":[{"count":4,"href":"https:\/\/agora.xtec.cat\/escolademusicsijpc\/wp-json\/wp\/v2\/posts\/5936\/revisions"}],"predecessor-version":[{"id":5941,"href":"https:\/\/agora.xtec.cat\/escolademusicsijpc\/wp-json\/wp\/v2\/posts\/5936\/revisions\/5941"}],"wp:featuredmedia":[{"embeddable":true,"href":"https:\/\/agora.xtec.cat\/escolademusicsijpc\/wp-json\/wp\/v2\/media\/5938"}],"wp:attachment":[{"href":"https:\/\/agora.xtec.cat\/escolademusicsijpc\/wp-json\/wp\/v2\/media?parent=5936"}],"wp:term":[{"taxonomy":"category","embeddable":true,"href":"https:\/\/agora.xtec.cat\/escolademusicsijpc\/wp-json\/wp\/v2\/categories?post=5936"},{"taxonomy":"post_tag","embeddable":true,"href":"https:\/\/agora.xtec.cat\/escolademusicsijpc\/wp-json\/wp\/v2\/tags?post=5936"}],"curies":[{"name":"wp","href":"https:\/\/api.w.org\/{rel}","templated":true}]}}