{"id":5921,"date":"2017-01-27T19:52:03","date_gmt":"2017-01-27T18:52:03","guid":{"rendered":"http:\/\/agora.xtec.cat\/escolademusicsijpc\/?p=5921"},"modified":"2017-01-27T19:52:04","modified_gmt":"2017-01-27T18:52:04","slug":"taller-percussio-corporal-i-coral-santi-serratosa","status":"publish","type":"post","link":"https:\/\/agora.xtec.cat\/escolademusicsijpc\/master-classes\/taller-percussio-corporal-i-coral-santi-serratosa\/","title":{"rendered":"Taller Percussi\u00f3 Corporal i Coral Santi Serratosa"},"content":{"rendered":"<p><a href=\"http:\/\/agora.xtec.cat\/escolademusicsijpc\/master-classes\/taller-percussio-corporal-i-coral-santi-serratosa\/attachment\/serratosa\/\" rel=\"attachment wp-att-5922\"><img loading=\"lazy\" decoding=\"async\" class=\"size-medium wp-image-5922 alignright\" src=\"http:\/\/agora.xtec.cat\/escolademusicsijpc\/wp-content\/uploads\/usu459\/2017\/01\/serratosa-212x300.gif\" alt=\"serratosa\" width=\"212\" height=\"300\" \/><\/a>Si et vas quedar amb ganes de m\u00e9s amb la Marxa Radetzky, no et pots perdre l\u2019oportunitat de treballar amb el percussionista SANTI SERRATOSA: Bateria de \u201cGossos\u201d, director d\u2019una Big Band de percussi\u00f3 corporal, cor\u00f2graf de percussi\u00f3 corporal i gran pedagog. El cos i la veu, dos instruments al nostre abast. Apr\u00e8n a fer-los sonar!!!<\/p>\n<ul>\n<li>Dissabte 4 de mar\u00e7<\/li>\n<li>de 9:45 a 13h<\/li>\n<li>Preu: 10\u20ac<\/li>\n<li>Escola Mil\u00e0 i Fontanals<\/li>\n<li>C\/ dels \u00c0ngels s\/n (C\/ del Carme cantonada amb C\/ d\u2019Agust\u00ed Duran i Sanpere)<\/li>\n<li>Portar aigua i un petit esmorzar per la pausa.<\/li>\n<li>Us demanem que confirmeu la vostra assist\u00e8ncia abans del<strong> 3 de Febrer<\/strong> abonant l\u2019import del taller a Secretaria de l\u2019escola.<\/li>\n<\/ul>\n","protected":false},"excerpt":{"rendered":"<p><a href=\"http:\/\/agora.xtec.cat\/escolademusicsijpc\/master-classes\/taller-percussio-corporal-i-coral-santi-serratosa\/attachment\/serratosa\/\" rel=\"attachment wp-att-5922\"><\/a>Si et vas quedar amb ganes de m\u00e9s amb la Marxa Radetzky, no et pots perdre l\u2019oportunitat de treballar amb el percussionista SANTI SERRATOSA: Bateria de \u201cGossos\u201d, director d\u2019una Big Band de percussi\u00f3 corporal, cor\u00f2graf de percussi\u00f3 corporal i gran pedagog. El&hellip;  <a href=\"https:\/\/agora.xtec.cat\/escolademusicsijpc\/master-classes\/taller-percussio-corporal-i-coral-santi-serratosa\/\" title=\"Read Taller Percussi\u00f3 Corporal i Coral Santi Serratosa\">Llegeix m\u00e9s\u00bb<\/a><\/p>\n","protected":false},"author":3,"featured_media":5922,"comment_status":"open","ping_status":"open","sticky":false,"template":"","format":"standard","meta":{"_bbp_topic_count":0,"_bbp_reply_count":0,"_bbp_total_topic_count":0,"_bbp_total_reply_count":0,"_bbp_voice_count":0,"_bbp_anonymous_reply_count":0,"_bbp_topic_count_hidden":0,"_bbp_reply_count_hidden":0,"_bbp_forum_subforum_count":0,"footnotes":""},"categories":[69,104],"tags":[],"class_list":["post-5921","post","type-post","status-publish","format-standard","has-post-thumbnail","hentry","category-master-classes","category-uncategorized"],"post_mailing_queue_ids":[],"_links":{"self":[{"href":"https:\/\/agora.xtec.cat\/escolademusicsijpc\/wp-json\/wp\/v2\/posts\/5921","targetHints":{"allow":["GET"]}}],"collection":[{"href":"https:\/\/agora.xtec.cat\/escolademusicsijpc\/wp-json\/wp\/v2\/posts"}],"about":[{"href":"https:\/\/agora.xtec.cat\/escolademusicsijpc\/wp-json\/wp\/v2\/types\/post"}],"author":[{"embeddable":true,"href":"https:\/\/agora.xtec.cat\/escolademusicsijpc\/wp-json\/wp\/v2\/users\/3"}],"replies":[{"embeddable":true,"href":"https:\/\/agora.xtec.cat\/escolademusicsijpc\/wp-json\/wp\/v2\/comments?post=5921"}],"version-history":[{"count":2,"href":"https:\/\/agora.xtec.cat\/escolademusicsijpc\/wp-json\/wp\/v2\/posts\/5921\/revisions"}],"predecessor-version":[{"id":5924,"href":"https:\/\/agora.xtec.cat\/escolademusicsijpc\/wp-json\/wp\/v2\/posts\/5921\/revisions\/5924"}],"wp:featuredmedia":[{"embeddable":true,"href":"https:\/\/agora.xtec.cat\/escolademusicsijpc\/wp-json\/wp\/v2\/media\/5922"}],"wp:attachment":[{"href":"https:\/\/agora.xtec.cat\/escolademusicsijpc\/wp-json\/wp\/v2\/media?parent=5921"}],"wp:term":[{"taxonomy":"category","embeddable":true,"href":"https:\/\/agora.xtec.cat\/escolademusicsijpc\/wp-json\/wp\/v2\/categories?post=5921"},{"taxonomy":"post_tag","embeddable":true,"href":"https:\/\/agora.xtec.cat\/escolademusicsijpc\/wp-json\/wp\/v2\/tags?post=5921"}],"curies":[{"name":"wp","href":"https:\/\/api.w.org\/{rel}","templated":true}]}}