{"id":5886,"date":"2016-12-16T18:55:34","date_gmt":"2016-12-16T17:55:34","guid":{"rendered":"http:\/\/agora.xtec.cat\/escolademusicsijpc\/?p=5886"},"modified":"2016-12-16T18:55:35","modified_gmt":"2016-12-16T17:55:35","slug":"els-petits-de-lescola-drassanes-han-fet-el-concert-de-nadal","status":"publish","type":"post","link":"https:\/\/agora.xtec.cat\/escolademusicsijpc\/corals\/els-petits-de-lescola-drassanes-han-fet-el-concert-de-nadal\/","title":{"rendered":"Els petits de l\u2019escola Drassanes han fet el concert de Nadal."},"content":{"rendered":"<p><a href=\"http:\/\/agora.xtec.cat\/escolademusicsijpc\/corals\/els-petits-de-lescola-drassanes-han-fet-el-concert-de-nadal\/attachment\/20161213_163846\/\" rel=\"attachment wp-att-5887\"><img loading=\"lazy\" decoding=\"async\" class=\"size-medium wp-image-5887 alignright\" src=\"http:\/\/agora.xtec.cat\/escolademusicsijpc\/wp-content\/uploads\/usu459\/2016\/12\/20161213_163846-300x145.gif\" alt=\"20161213_163846\" width=\"300\" height=\"145\" srcset=\"https:\/\/agora.xtec.cat\/escolademusicsijpc\/wp-content\/uploads\/usu459\/2016\/12\/20161213_163846-300x145.gif 300w, https:\/\/agora.xtec.cat\/escolademusicsijpc\/wp-content\/uploads\/usu459\/2016\/12\/20161213_163846-768x371.gif 768w\" sizes=\"auto, (max-width: 300px) 100vw, 300px\" \/><\/a>Dimarts 13 de desembre els petits de l\u2019escola Drassanes han fet el concert de Nadal dirigit per Yolanda Mallofr\u00e9. Els nens de <span class=\"hiddenSpellError\">P5<\/span> estaven molt emocionats perqu\u00e8 era el seu primer concert. I els de 1r i 2n estaven molt nerviosos perqu\u00e8 volien que sort\u00eds b\u00e9. Realment a estat tot un \u00e8xit. Cantant 10 can\u00e7ons hem apr\u00e8s els n\u00fameros amb John Brown, ens hem traslladat a l\u2019\u00c0frica, ens hem adonat que a l\u2019escola hi ha fantasmes, hem fet encanteris com a bruixes i bruixots i moltes coses m\u00e9s. Moltes felicitats a aquests petits m\u00fasics!<\/p>\n","protected":false},"excerpt":{"rendered":"<p><a href=\"http:\/\/agora.xtec.cat\/escolademusicsijpc\/corals\/els-petits-de-lescola-drassanes-han-fet-el-concert-de-nadal\/attachment\/20161213_163846\/\" rel=\"attachment wp-att-5887\"><\/a>Dimarts 13 de desembre els petits de l\u2019escola Drassanes han fet el concert de Nadal dirigit per Yolanda Mallofr\u00e9. Els nens de P5 estaven molt emocionats perqu\u00e8 era el seu primer concert. I els de 1r i 2n estaven molt nerviosos perqu\u00e8&hellip;  <a href=\"https:\/\/agora.xtec.cat\/escolademusicsijpc\/corals\/els-petits-de-lescola-drassanes-han-fet-el-concert-de-nadal\/\" title=\"Read Els petits de l\u2019escola Drassanes han fet el concert de Nadal.\">Llegeix m\u00e9s\u00bb<\/a><\/p>\n","protected":false},"author":3,"featured_media":5887,"comment_status":"open","ping_status":"open","sticky":false,"template":"","format":"standard","meta":{"_bbp_topic_count":0,"_bbp_reply_count":0,"_bbp_total_topic_count":0,"_bbp_total_reply_count":0,"_bbp_voice_count":0,"_bbp_anonymous_reply_count":0,"_bbp_topic_count_hidden":0,"_bbp_reply_count_hidden":0,"_bbp_forum_subforum_count":0,"footnotes":""},"categories":[66,104],"tags":[],"class_list":["post-5886","post","type-post","status-publish","format-standard","has-post-thumbnail","hentry","category-corals","category-uncategorized"],"post_mailing_queue_ids":[],"_links":{"self":[{"href":"https:\/\/agora.xtec.cat\/escolademusicsijpc\/wp-json\/wp\/v2\/posts\/5886","targetHints":{"allow":["GET"]}}],"collection":[{"href":"https:\/\/agora.xtec.cat\/escolademusicsijpc\/wp-json\/wp\/v2\/posts"}],"about":[{"href":"https:\/\/agora.xtec.cat\/escolademusicsijpc\/wp-json\/wp\/v2\/types\/post"}],"author":[{"embeddable":true,"href":"https:\/\/agora.xtec.cat\/escolademusicsijpc\/wp-json\/wp\/v2\/users\/3"}],"replies":[{"embeddable":true,"href":"https:\/\/agora.xtec.cat\/escolademusicsijpc\/wp-json\/wp\/v2\/comments?post=5886"}],"version-history":[{"count":2,"href":"https:\/\/agora.xtec.cat\/escolademusicsijpc\/wp-json\/wp\/v2\/posts\/5886\/revisions"}],"predecessor-version":[{"id":5889,"href":"https:\/\/agora.xtec.cat\/escolademusicsijpc\/wp-json\/wp\/v2\/posts\/5886\/revisions\/5889"}],"wp:featuredmedia":[{"embeddable":true,"href":"https:\/\/agora.xtec.cat\/escolademusicsijpc\/wp-json\/wp\/v2\/media\/5887"}],"wp:attachment":[{"href":"https:\/\/agora.xtec.cat\/escolademusicsijpc\/wp-json\/wp\/v2\/media?parent=5886"}],"wp:term":[{"taxonomy":"category","embeddable":true,"href":"https:\/\/agora.xtec.cat\/escolademusicsijpc\/wp-json\/wp\/v2\/categories?post=5886"},{"taxonomy":"post_tag","embeddable":true,"href":"https:\/\/agora.xtec.cat\/escolademusicsijpc\/wp-json\/wp\/v2\/tags?post=5886"}],"curies":[{"name":"wp","href":"https:\/\/api.w.org\/{rel}","templated":true}]}}