{"id":5870,"date":"2016-12-01T17:39:13","date_gmt":"2016-12-01T16:39:13","guid":{"rendered":"http:\/\/agora.xtec.cat\/escolademusicsijpc\/?p=5870"},"modified":"2016-12-01T17:47:14","modified_gmt":"2016-12-01T16:47:14","slug":"musicals-choir-padri-del-cor-de-nit","status":"publish","type":"post","link":"https:\/\/agora.xtec.cat\/escolademusicsijpc\/corals\/musicals-choir-padri-del-cor-de-nit\/","title":{"rendered":"Musicals\u2019 Choir padr\u00ed del Cor de Nit"},"content":{"rendered":"<p><a href=\"http:\/\/agora.xtec.cat\/escolademusicsijpc\/corals\/musicals-choir-padri-del-cor-de-nit\/attachment\/img-20161130-wa0006\/\" rel=\"attachment wp-att-5871\"><img loading=\"lazy\" decoding=\"async\" class=\"size-medium wp-image-5871 alignright\" src=\"http:\/\/agora.xtec.cat\/escolademusicsijpc\/wp-content\/uploads\/usu459\/2016\/12\/IMG-20161130-WA0006-211x300.gif\" alt=\"img-20161130-wa0006\" width=\"211\" height=\"300\" \/><\/a>El proper 11 de desembre el cor de joves de l\u2019Escola de M\u00fasics, els Musicals\u2019 Choir,\u00a0 t\u00e9 l\u2019honor de fer de padr\u00ed d\u2019un nou cor de L\u2019Hospitalet, el Cor de Nit, en un concert de musicals ple d\u2019emocions i bona m\u00fasica. Veniu a gaudir dels nostres joves m\u00fasics! #SOM M\u00daSICA<\/p>\n<ul>\n<li>Diumenge 11 de desembre.<\/li>\n<li>A les 18h.<\/li>\n<li>Teatre del Centre Cat\u00f2lic.<\/li>\n<li>Ramblas Just Oliveras, 34<\/li>\n<li>L\u2019Hospitalet<\/li>\n<\/ul>\n","protected":false},"excerpt":{"rendered":"<p><a href=\"http:\/\/agora.xtec.cat\/escolademusicsijpc\/corals\/musicals-choir-padri-del-cor-de-nit\/attachment\/img-20161130-wa0006\/\" rel=\"attachment wp-att-5871\"><\/a>El proper 11 de desembre el cor de joves de l\u2019Escola de M\u00fasics, els Musicals\u2019 Choir,\u00a0 t\u00e9 l\u2019honor de fer de padr\u00ed d\u2019un nou cor de L\u2019Hospitalet, el Cor de Nit, en un concert de musicals ple d\u2019emocions i bona m\u00fasica. Veniu&hellip;  <a href=\"https:\/\/agora.xtec.cat\/escolademusicsijpc\/corals\/musicals-choir-padri-del-cor-de-nit\/\" title=\"Read Musicals\u2019 Choir padr\u00ed del Cor de Nit\">Llegeix m\u00e9s\u00bb<\/a><\/p>\n","protected":false},"author":3,"featured_media":5871,"comment_status":"open","ping_status":"open","sticky":false,"template":"","format":"standard","meta":{"_bbp_topic_count":0,"_bbp_reply_count":0,"_bbp_total_topic_count":0,"_bbp_total_reply_count":0,"_bbp_voice_count":0,"_bbp_anonymous_reply_count":0,"_bbp_topic_count_hidden":0,"_bbp_reply_count_hidden":0,"_bbp_forum_subforum_count":0,"footnotes":""},"categories":[66,104],"tags":[],"class_list":["post-5870","post","type-post","status-publish","format-standard","has-post-thumbnail","hentry","category-corals","category-uncategorized"],"post_mailing_queue_ids":[],"_links":{"self":[{"href":"https:\/\/agora.xtec.cat\/escolademusicsijpc\/wp-json\/wp\/v2\/posts\/5870","targetHints":{"allow":["GET"]}}],"collection":[{"href":"https:\/\/agora.xtec.cat\/escolademusicsijpc\/wp-json\/wp\/v2\/posts"}],"about":[{"href":"https:\/\/agora.xtec.cat\/escolademusicsijpc\/wp-json\/wp\/v2\/types\/post"}],"author":[{"embeddable":true,"href":"https:\/\/agora.xtec.cat\/escolademusicsijpc\/wp-json\/wp\/v2\/users\/3"}],"replies":[{"embeddable":true,"href":"https:\/\/agora.xtec.cat\/escolademusicsijpc\/wp-json\/wp\/v2\/comments?post=5870"}],"version-history":[{"count":2,"href":"https:\/\/agora.xtec.cat\/escolademusicsijpc\/wp-json\/wp\/v2\/posts\/5870\/revisions"}],"predecessor-version":[{"id":5873,"href":"https:\/\/agora.xtec.cat\/escolademusicsijpc\/wp-json\/wp\/v2\/posts\/5870\/revisions\/5873"}],"wp:featuredmedia":[{"embeddable":true,"href":"https:\/\/agora.xtec.cat\/escolademusicsijpc\/wp-json\/wp\/v2\/media\/5871"}],"wp:attachment":[{"href":"https:\/\/agora.xtec.cat\/escolademusicsijpc\/wp-json\/wp\/v2\/media?parent=5870"}],"wp:term":[{"taxonomy":"category","embeddable":true,"href":"https:\/\/agora.xtec.cat\/escolademusicsijpc\/wp-json\/wp\/v2\/categories?post=5870"},{"taxonomy":"post_tag","embeddable":true,"href":"https:\/\/agora.xtec.cat\/escolademusicsijpc\/wp-json\/wp\/v2\/tags?post=5870"}],"curies":[{"name":"wp","href":"https:\/\/api.w.org\/{rel}","templated":true}]}}