{"id":5862,"date":"2016-11-16T18:42:30","date_gmt":"2016-11-16T17:42:30","guid":{"rendered":"http:\/\/agora.xtec.cat\/escolademusicsijpc\/?p=5862"},"modified":"2016-11-16T18:45:24","modified_gmt":"2016-11-16T17:45:24","slug":"guitar-club-5","status":"publish","type":"post","link":"https:\/\/agora.xtec.cat\/escolademusicsijpc\/grups\/orquestra-de-guitarres\/guitar-club-5\/","title":{"rendered":"Guitar Club"},"content":{"rendered":"<p><a href=\"http:\/\/agora.xtec.cat\/escolademusicsijpc\/orquestra-de-guitarres\/guitar-club-5\/attachment\/guitar-club2016\/\" rel=\"attachment wp-att-5863\"><img loading=\"lazy\" decoding=\"async\" class=\"size-medium wp-image-5863 alignright\" src=\"http:\/\/agora.xtec.cat\/escolademusicsijpc\/wp-content\/uploads\/usu459\/2016\/11\/guitar-club2016-212x300.gif\" alt=\"guitar-club2016\" width=\"212\" height=\"300\" \/><\/a>Aquest any repetim l\u2019experi\u00e8ncia. Una experi\u00e8ncia molt positiva en la qual vam aprendre molt de cadascun de vosaltres i ens ho vam passar molt b\u00e9. Una activitat de guitarra que no et pots perdre!<\/p>\n<ul>\n<li>Explica\u2019ns la teva obra<\/li>\n<li>Comparteix la m\u00fasica<\/li>\n<li>Qu\u00e8 sents quan toques?<\/li>\n<li>Vine a escoltar als teus companys<\/li>\n<li>26\/11\/16 a les 12:15<\/li>\n<li>c\/Riera Alta10<\/li>\n<\/ul>\n","protected":false},"excerpt":{"rendered":"<p><a href=\"http:\/\/agora.xtec.cat\/escolademusicsijpc\/orquestra-de-guitarres\/guitar-club-5\/attachment\/guitar-club2016\/\" rel=\"attachment wp-att-5863\"><\/a>Aquest any repetim l\u2019experi\u00e8ncia. Una experi\u00e8ncia molt positiva en la qual vam aprendre molt de cadascun de vosaltres i ens ho vam passar molt b\u00e9. Una activitat de guitarra que no et pots perdre!<\/p>\n<ul>\n<li>Explica\u2019ns la teva obra<\/li>\n<li>Comparteix la m\u00fasica<\/li>\n<li>Qu\u00e8 sents quan toques?<\/li>\n<li>Vine&hellip;  <a href=\"https:\/\/agora.xtec.cat\/escolademusicsijpc\/grups\/orquestra-de-guitarres\/guitar-club-5\/\" title=\"Read Guitar Club\">Llegeix m\u00e9s\u00bb<\/a><br \/>\n","protected":false},"author":3,"featured_media":5863,"comment_status":"open","ping_status":"open","sticky":false,"template":"","format":"standard","meta":{"_bbp_topic_count":0,"_bbp_reply_count":0,"_bbp_total_topic_count":0,"_bbp_total_reply_count":0,"_bbp_voice_count":0,"_bbp_anonymous_reply_count":0,"_bbp_topic_count_hidden":0,"_bbp_reply_count_hidden":0,"_bbp_forum_subforum_count":0,"footnotes":""},"categories":[72,104],"tags":[],"class_list":["post-5862","post","type-post","status-publish","format-standard","has-post-thumbnail","hentry","category-orquestra-de-guitarres","category-uncategorized"],"post_mailing_queue_ids":[],"_links":{"self":[{"href":"https:\/\/agora.xtec.cat\/escolademusicsijpc\/wp-json\/wp\/v2\/posts\/5862","targetHints":{"allow":["GET"]}}],"collection":[{"href":"https:\/\/agora.xtec.cat\/escolademusicsijpc\/wp-json\/wp\/v2\/posts"}],"about":[{"href":"https:\/\/agora.xtec.cat\/escolademusicsijpc\/wp-json\/wp\/v2\/types\/post"}],"author":[{"embeddable":true,"href":"https:\/\/agora.xtec.cat\/escolademusicsijpc\/wp-json\/wp\/v2\/users\/3"}],"replies":[{"embeddable":true,"href":"https:\/\/agora.xtec.cat\/escolademusicsijpc\/wp-json\/wp\/v2\/comments?post=5862"}],"version-history":[{"count":2,"href":"https:\/\/agora.xtec.cat\/escolademusicsijpc\/wp-json\/wp\/v2\/posts\/5862\/revisions"}],"predecessor-version":[{"id":5865,"href":"https:\/\/agora.xtec.cat\/escolademusicsijpc\/wp-json\/wp\/v2\/posts\/5862\/revisions\/5865"}],"wp:featuredmedia":[{"embeddable":true,"href":"https:\/\/agora.xtec.cat\/escolademusicsijpc\/wp-json\/wp\/v2\/media\/5863"}],"wp:attachment":[{"href":"https:\/\/agora.xtec.cat\/escolademusicsijpc\/wp-json\/wp\/v2\/media?parent=5862"}],"wp:term":[{"taxonomy":"category","embeddable":true,"href":"https:\/\/agora.xtec.cat\/escolademusicsijpc\/wp-json\/wp\/v2\/categories?post=5862"},{"taxonomy":"post_tag","embeddable":true,"href":"https:\/\/agora.xtec.cat\/escolademusicsijpc\/wp-json\/wp\/v2\/tags?post=5862"}],"curies":[{"name":"wp","href":"https:\/\/api.w.org\/{rel}","templated":true}]}}