{"id":5855,"date":"2016-11-10T21:21:16","date_gmt":"2016-11-10T20:21:16","guid":{"rendered":"http:\/\/agora.xtec.cat\/escolademusicsijpc\/?p=5855"},"modified":"2016-11-10T21:21:16","modified_gmt":"2016-11-10T20:21:16","slug":"concert-cors-de-ciutat-vella-al-museu-maritim","status":"publish","type":"post","link":"https:\/\/agora.xtec.cat\/escolademusicsijpc\/uncategorized\/concert-cors-de-ciutat-vella-al-museu-maritim\/","title":{"rendered":"Concert Cors de Ciutat Vella al Museu Mar\u00edtim"},"content":{"rendered":"<p><a href=\"http:\/\/agora.xtec.cat\/escolademusicsijpc\/uncategorized\/concert-cors-de-ciutat-vella-al-museu-maritim\/attachment\/unnamed-2\/\" rel=\"attachment wp-att-5856\"><img loading=\"lazy\" decoding=\"async\" class=\"wp-image-5856 size-full aligncenter\" src=\"http:\/\/agora.xtec.cat\/escolademusicsijpc\/wp-content\/uploads\/usu459\/2016\/11\/unnamed.gif\" alt=\"unnamed\" width=\"400\" height=\"267\" \/><\/a>El divendres vinent 11 de novembre\u00a0m\u00e9s de 300 nens del barri del Raval i Ciutat Vella, sota el projecte els Cors de Ciutat Vella, ens oferiran un magn\u00edfic concert al Museu Mar\u00edtim per celebrar l\u2019inici del festival Raval\u2019s. Una actuaci\u00f3 on podrem escoltar els cors de Drassanes, Rub\u00e9n <span class=\"hiddenSpellError\">Dar\u00edo<\/span>. Vedruna, <span class=\"hiddenSpellError\">Labour\u00e9<\/span>, Cervantes i Pau Claris.<\/p>\n","protected":false},"excerpt":{"rendered":"<p><a href=\"http:\/\/agora.xtec.cat\/escolademusicsijpc\/uncategorized\/concert-cors-de-ciutat-vella-al-museu-maritim\/attachment\/unnamed-2\/\" rel=\"attachment wp-att-5856\"><\/a>El divendres vinent 11 de novembre\u00a0m\u00e9s de 300 nens del barri del Raval i Ciutat Vella, sota el projecte els Cors de Ciutat Vella, ens oferiran un magn\u00edfic concert al Museu Mar\u00edtim per celebrar l\u2019inici del festival Raval\u2019s. Una actuaci\u00f3 on podrem&hellip;  <a href=\"https:\/\/agora.xtec.cat\/escolademusicsijpc\/uncategorized\/concert-cors-de-ciutat-vella-al-museu-maritim\/\" title=\"Read Concert Cors de Ciutat Vella al Museu Mar\u00edtim\">Llegeix m\u00e9s\u00bb<\/a><\/p>\n","protected":false},"author":3,"featured_media":5856,"comment_status":"open","ping_status":"open","sticky":false,"template":"","format":"standard","meta":{"_bbp_topic_count":0,"_bbp_reply_count":0,"_bbp_total_topic_count":0,"_bbp_total_reply_count":0,"_bbp_voice_count":0,"_bbp_anonymous_reply_count":0,"_bbp_topic_count_hidden":0,"_bbp_reply_count_hidden":0,"_bbp_forum_subforum_count":0,"footnotes":""},"categories":[104],"tags":[],"class_list":["post-5855","post","type-post","status-publish","format-standard","has-post-thumbnail","hentry","category-uncategorized"],"post_mailing_queue_ids":[],"_links":{"self":[{"href":"https:\/\/agora.xtec.cat\/escolademusicsijpc\/wp-json\/wp\/v2\/posts\/5855","targetHints":{"allow":["GET"]}}],"collection":[{"href":"https:\/\/agora.xtec.cat\/escolademusicsijpc\/wp-json\/wp\/v2\/posts"}],"about":[{"href":"https:\/\/agora.xtec.cat\/escolademusicsijpc\/wp-json\/wp\/v2\/types\/post"}],"author":[{"embeddable":true,"href":"https:\/\/agora.xtec.cat\/escolademusicsijpc\/wp-json\/wp\/v2\/users\/3"}],"replies":[{"embeddable":true,"href":"https:\/\/agora.xtec.cat\/escolademusicsijpc\/wp-json\/wp\/v2\/comments?post=5855"}],"version-history":[{"count":3,"href":"https:\/\/agora.xtec.cat\/escolademusicsijpc\/wp-json\/wp\/v2\/posts\/5855\/revisions"}],"predecessor-version":[{"id":5859,"href":"https:\/\/agora.xtec.cat\/escolademusicsijpc\/wp-json\/wp\/v2\/posts\/5855\/revisions\/5859"}],"wp:featuredmedia":[{"embeddable":true,"href":"https:\/\/agora.xtec.cat\/escolademusicsijpc\/wp-json\/wp\/v2\/media\/5856"}],"wp:attachment":[{"href":"https:\/\/agora.xtec.cat\/escolademusicsijpc\/wp-json\/wp\/v2\/media?parent=5855"}],"wp:term":[{"taxonomy":"category","embeddable":true,"href":"https:\/\/agora.xtec.cat\/escolademusicsijpc\/wp-json\/wp\/v2\/categories?post=5855"},{"taxonomy":"post_tag","embeddable":true,"href":"https:\/\/agora.xtec.cat\/escolademusicsijpc\/wp-json\/wp\/v2\/tags?post=5855"}],"curies":[{"name":"wp","href":"https:\/\/api.w.org\/{rel}","templated":true}]}}