{"id":5845,"date":"2016-11-10T18:47:53","date_gmt":"2016-11-10T17:47:53","guid":{"rendered":"http:\/\/agora.xtec.cat\/escolademusicsijpc\/?p=5845"},"modified":"2016-11-10T19:40:57","modified_gmt":"2016-11-10T18:40:57","slug":"festival-ravals-14a-edicio","status":"publish","type":"post","link":"https:\/\/agora.xtec.cat\/escolademusicsijpc\/grups\/batucada\/festival-ravals-14a-edicio\/","title":{"rendered":"Festival RAVAL(S) 14a edici\u00f3"},"content":{"rendered":"<p>Divendres 11 de novembre<a href=\"http:\/\/agora.xtec.cat\/escolademusicsijpc\/general\/festival-ravals-14a-edicio\/attachment\/festivalravals2016\/\" rel=\"attachment wp-att-5846\"><img loading=\"lazy\" decoding=\"async\" class=\"size-medium wp-image-5846 alignright\" src=\"http:\/\/agora.xtec.cat\/escolademusicsijpc\/wp-content\/uploads\/usu459\/2016\/11\/FestivalRavals2016-148x300.gif\" alt=\"festivalravals2016\" width=\"148\" height=\"300\" \/><\/a><\/p>\n<ul>\n<li>Els cors del Raval aborden el Museu Mar\u00edtim de Barcelona \/ 11:00h \/ Av. de les Drassanes, s\/n.<br \/>\nGrups corals de diferents centres educatius de Ciutat Vella ens ofereixen les seves interpretacions.<br \/>\nOrg: <strong>L\u2019Escola de M\u00fasics i JPC<\/strong> i Museu Mar\u00edtim de Barcelona. Col: Escola Labour\u00e9, Vedruna, Castella, Ruben Dar\u00edo, Drassanes, Escola Cervantes, Escola Parc de la Ciutadella i INS Pau Claris.<\/li>\n<li>Als Jardins de Sant Pau del Camp, entrada pel carrer de l\u2019Abat Safont, a les 21:00h trobareu <strong>Combos juvenils de l\u2019Escola de M\u00fasics i JPC<\/strong> \/ Jazz-Soul. Col: Impulsem SCCL.<\/li>\n<\/ul>\n<p>Dissabte 12 de novembre<\/p>\n<ul>\n<li>Concert de les Corals del barri \/ 12:00h \/ Parr\u00f2quia de Sant Agust\u00ed (pl. de Sant Agust\u00ed, 2).<br \/>\nDiferents agrupacions de cantaires i corals del Raval, ofereixen un concert en homenatge a les dones.<br \/>\nOrg: <strong>Sons de veu, Musical\u2019s Choir i Coral Ponen de L\u2019Escola de M\u00fasics i JPC<\/strong>; Centro Filipino Tuluy\u00e1n-San Benito; Xamfr\u00e0, Centre de M\u00fasica i Escena, Gospel Raval; Coral Turull; Grup Cantaires Mon Raval; Grup del taller de M\u00fasica, cos i ment dels Casals Municipals de Gent Gran Josep Tarradellas i Josep Trueta i les Flors de Maig.<\/li>\n<li>Concerts a la Pla\u00e7a dels \u00c0ngels.<br \/>\n17:45h <strong>La Raval\u2019s Band<\/strong> cel\u00b7lebra el seu 10\u00e8 aniversari!<\/li>\n<\/ul>\n<p>Diumenge 13 de novembre<\/p>\n<ul>\n<li>Cercavila Popular \/ 11:00h \/ Pla\u00e7a Joan Amades.<br \/>\nPasseja amb els gegants, gegantons, bastoners, cap grossos i bestiari, tot amenitzat per bandes, percussi\u00f3 i gralles del barri.<br \/>\nRecorregut: c\/ Peu de la Creu, c\/ Lluna, c\/ Paloma, c\/ Joaquim Costa, c\/ Ferlandina. Arribada Pla\u00e7a dels \u00c0ngels.<br \/>\nOrg: A. d\u2019Amics dels gegants Ramon i Lola, Balkan Paradise Orchestra, Bastoners del Raval, <strong>Batucada de L\u2019Escola de M\u00fasics i JPC<\/strong>, Cap Grossos del Raval, Capoeira Palmares Barcelona, Casal Jove Atlas Raval, Coordinadora de Corals del Raval, Fundaci\u00f3 Privada Taller de M\u00fasics, Societat Coral el Griasol, Societat Coral els Amics, Xamfr\u00e0 Centre de M\u00fasica i Escena. Col: AIPCC, A.C.V. Carrer Cera i La Taula del Raval.<\/li>\n<\/ul>\n<p><a href=\"http:\/\/agora.xtec.cat\/escolademusicsijpc\/wp-content\/uploads\/usu459\/2016\/11\/Programa-Ravals-JP-baja-2016.pdf\" rel=\"attachment wp-att-5849\"><img loading=\"lazy\" decoding=\"async\" class=\"alignnone wp-image-5849 size-medium\" src=\"http:\/\/agora.xtec.cat\/escolademusicsijpc\/wp-content\/uploads\/usu459\/2016\/11\/Programa-Ravals-JP-baja-201-300x78.gif\" alt=\"programa-ravals-jp-baja-201\" width=\"300\" height=\"78\" \/><\/a> <a href=\"http:\/\/agora.xtec.cat\/escolademusicsijpc\/wp-content\/uploads\/usu459\/2016\/11\/Programa-Ravals-JP-baja2-2016.pdf\" rel=\"attachment wp-att-5848\"><img loading=\"lazy\" decoding=\"async\" class=\"alignnone wp-image-5848 size-medium\" src=\"http:\/\/agora.xtec.cat\/escolademusicsijpc\/wp-content\/uploads\/usu459\/2016\/11\/Programa-Ravals-JP-baja2-20-300x78.gif\" alt=\"programa-ravals-jp-baja2-20\" width=\"300\" height=\"78\" \/><\/a><\/p>\n","protected":false},"excerpt":{"rendered":"<p>Divendres 11 de novembre<a href=\"http:\/\/agora.xtec.cat\/escolademusicsijpc\/general\/festival-ravals-14a-edicio\/attachment\/festivalravals2016\/\" rel=\"attachment wp-att-5846\"><\/a><\/p>\n<ul>\n<li>Els cors del Raval aborden el Museu Mar\u00edtim de Barcelona \/ 11:00h \/ Av. de les Drassanes, s\/n.<br \/>\nGrups corals de diferents centres educatius de Ciutat Vella ens ofereixen les seves interpretacions.<br \/>\nOrg: L\u2019Escola de M\u00fasics i JPC i Museu Mar\u00edtim&hellip;  <a href=\"https:\/\/agora.xtec.cat\/escolademusicsijpc\/grups\/batucada\/festival-ravals-14a-edicio\/\" title=\"Read Festival RAVAL(S) 14a edici\u00f3\">Llegeix m\u00e9s\u00bb<\/a><\/p>\n","protected":false},"author":3,"featured_media":5846,"comment_status":"open","ping_status":"open","sticky":false,"template":"","format":"standard","meta":{"_bbp_topic_count":0,"_bbp_reply_count":0,"_bbp_total_topic_count":0,"_bbp_total_reply_count":0,"_bbp_voice_count":0,"_bbp_anonymous_reply_count":0,"_bbp_topic_count_hidden":0,"_bbp_reply_count_hidden":0,"_bbp_forum_subforum_count":0,"footnotes":""},"categories":[60,62,63,66,105,75,104],"tags":[],"class_list":["post-5845","post","type-post","status-publish","format-standard","has-post-thumbnail","hentry","category-batucada","category-combos","category-concerts","category-corals","category-musicals-choir","category-ravals-band","category-uncategorized"],"post_mailing_queue_ids":[],"_links":{"self":[{"href":"https:\/\/agora.xtec.cat\/escolademusicsijpc\/wp-json\/wp\/v2\/posts\/5845","targetHints":{"allow":["GET"]}}],"collection":[{"href":"https:\/\/agora.xtec.cat\/escolademusicsijpc\/wp-json\/wp\/v2\/posts"}],"about":[{"href":"https:\/\/agora.xtec.cat\/escolademusicsijpc\/wp-json\/wp\/v2\/types\/post"}],"author":[{"embeddable":true,"href":"https:\/\/agora.xtec.cat\/escolademusicsijpc\/wp-json\/wp\/v2\/users\/3"}],"replies":[{"embeddable":true,"href":"https:\/\/agora.xtec.cat\/escolademusicsijpc\/wp-json\/wp\/v2\/comments?post=5845"}],"version-history":[{"count":3,"href":"https:\/\/agora.xtec.cat\/escolademusicsijpc\/wp-json\/wp\/v2\/posts\/5845\/revisions"}],"predecessor-version":[{"id":5854,"href":"https:\/\/agora.xtec.cat\/escolademusicsijpc\/wp-json\/wp\/v2\/posts\/5845\/revisions\/5854"}],"wp:featuredmedia":[{"embeddable":true,"href":"https:\/\/agora.xtec.cat\/escolademusicsijpc\/wp-json\/wp\/v2\/media\/5846"}],"wp:attachment":[{"href":"https:\/\/agora.xtec.cat\/escolademusicsijpc\/wp-json\/wp\/v2\/media?parent=5845"}],"wp:term":[{"taxonomy":"category","embeddable":true,"href":"https:\/\/agora.xtec.cat\/escolademusicsijpc\/wp-json\/wp\/v2\/categories?post=5845"},{"taxonomy":"post_tag","embeddable":true,"href":"https:\/\/agora.xtec.cat\/escolademusicsijpc\/wp-json\/wp\/v2\/tags?post=5845"}],"curies":[{"name":"wp","href":"https:\/\/api.w.org\/{rel}","templated":true}]}}