{"id":5830,"date":"2016-11-09T16:50:18","date_gmt":"2016-11-09T15:50:18","guid":{"rendered":"http:\/\/agora.xtec.cat\/escolademusicsijpc\/?p=5830"},"modified":"2016-11-09T16:52:43","modified_gmt":"2016-11-09T15:52:43","slug":"vols-tocar-millor-gaudeix-treballant-tecnica-alexander","status":"publish","type":"post","link":"https:\/\/agora.xtec.cat\/escolademusicsijpc\/general\/vols-tocar-millor-gaudeix-treballant-tecnica-alexander\/","title":{"rendered":"Vols tocar millor? Gaudeix treballant. T\u00e8cnica Alexander"},"content":{"rendered":"<p class=\"text-align-justify\">La T\u00e8cnica Alexander \u00e9s una eina imprescindible per a assolir la consci\u00e8ncia corporal i mental necess\u00e0ria per assegurar tant la qualitat en l\u2019estudi\u00a0com en la qualitat interpretativa ja que:<\/p>\n<ul>\n<li class=\"text-align-justify\">ajuda a tenir una atenci\u00f3 correcta a la qualitat corporal i a l\u2019actitud mental per tal de prevenir lesions i a tenir h\u00e0bits d\u2019estudi adequats<\/li>\n<li class=\"text-align-justify\">millora la projecci\u00f3 i la precisi\u00f3\u00a0del so<\/li>\n<li class=\"text-align-justify\">millora la connexi\u00f3 amb el p\u00fablic<\/li>\n<li class=\"text-align-justify\">millora el saber estar en un escenari<\/li>\n<li class=\"text-align-justify\">d\u00f3na eines per superar la por esc\u00e8nica<\/li>\n<\/ul>\n<p class=\"text-align-justify\">Malgrat que la T\u00e8cnica Alexander encara no \u00e9s massa coneguda a casa nostra, \u00e9s present en el camp de l\u2019ensenyament musical reglat dins de l\u2019asignatura d\u2019educaci\u00f3 corporal que s\u2019oferta en conservatoris i escoles de m\u00fasica.<\/p>\n<p class=\"text-align-justify\">L\u2019escola de M\u00fasics i JPC ofereix classes de T\u00e8cnica Alexander amb el professor V\u00edctor Pedrol \u00a0els\u00a0dimarts i divendres.\u00a0<a href=\"http:\/\/agora.xtec.cat\/escolademusicsijpc\/general\/vols-tocar-millor-gaudeix-treballant-tecnica-alexander\/attachment\/victor_web\/\" rel=\"attachment wp-att-5831\"><img loading=\"lazy\" decoding=\"async\" class=\"alignright wp-image-5831\" src=\"http:\/\/agora.xtec.cat\/escolademusicsijpc\/wp-content\/uploads\/usu459\/2016\/11\/Victor_web-287x300.png\" alt=\"victor_web\" width=\"200\" height=\"209\" srcset=\"https:\/\/agora.xtec.cat\/escolademusicsijpc\/wp-content\/uploads\/usu459\/2016\/11\/Victor_web-287x300.png 287w, https:\/\/agora.xtec.cat\/escolademusicsijpc\/wp-content\/uploads\/usu459\/2016\/11\/Victor_web.png 343w\" sizes=\"auto, (max-width: 200px) 100vw, 200px\" \/><\/a><\/p>\n<p class=\"text-align-justify\">Tamb\u00e9 dona classe d\u2019Acordi\u00f3 Diat\u00f2nic.<\/p>\n<p class=\"text-align-justify\">Pregunteu a secretaria i apunteu-vos!<\/p>\n<p><a href=\"http:\/\/www.alexanderbcn.cat\/victor-pedrol\" rel=\"nofollow\">http:\/\/www.alexanderbcn.cat\/victor-pedrol<\/a><\/p>\n<p><a href=\"http:\/\/www.alexanderbcn.cat\/musics\" rel=\"nofollow\">http:\/\/www.alexanderbcn.cat\/musics<\/a><\/p>\n<p><a href=\"http:\/\/agora.xtec.cat\/escolademusicsijpc\/general\/vols-tocar-millor-gaudeix-treballant-tecnica-alexander\/attachment\/cartell_ta_orador1\/\"><img loading=\"lazy\" decoding=\"async\" class=\"alignnone wp-image-5840\" src=\"http:\/\/agora.xtec.cat\/escolademusicsijpc\/wp-content\/uploads\/usu459\/2016\/11\/Cartell_TA_orador1-210x300.gif\" alt=\"cartell_ta_orador1\" width=\"175\" height=\"250\" \/><\/a> <a href=\"http:\/\/agora.xtec.cat\/escolademusicsijpc\/general\/vols-tocar-millor-gaudeix-treballant-tecnica-alexander\/attachment\/cartell_ta_musica1\/\"><img loading=\"lazy\" decoding=\"async\" class=\"alignnone wp-image-5839\" src=\"http:\/\/agora.xtec.cat\/escolademusicsijpc\/wp-content\/uploads\/usu459\/2016\/11\/Cartell_TA_musica1-210x300.gif\" alt=\"cartell_ta_musica1\" width=\"175\" height=\"250\" \/><\/a> <a href=\"http:\/\/agora.xtec.cat\/escolademusicsijpc\/general\/vols-tocar-millor-gaudeix-treballant-tecnica-alexander\/attachment\/cartell_ta_esquena1\/\"><img loading=\"lazy\" decoding=\"async\" class=\"alignnone wp-image-5838\" src=\"http:\/\/agora.xtec.cat\/escolademusicsijpc\/wp-content\/uploads\/usu459\/2016\/11\/Cartell_TA_esquena1-210x300.gif\" alt=\"cartell_ta_esquena1\" width=\"175\" height=\"250\" \/><\/a><\/p>\n<p>&nbsp;<\/p>\n","protected":false},"excerpt":{"rendered":"<p>La T\u00e8cnica Alexander \u00e9s una eina imprescindible per a assolir la consci\u00e8ncia corporal i mental necess\u00e0ria per assegurar tant la qualitat en l\u2019estudi\u00a0com en la qualitat interpretativa ja que:<\/p>\n<ul>\n<li class=\"text-align-justify\">ajuda a tenir una atenci\u00f3 correcta a la qualitat corporal i a l\u2019actitud mental per tal&hellip;  <a href=\"https:\/\/agora.xtec.cat\/escolademusicsijpc\/general\/vols-tocar-millor-gaudeix-treballant-tecnica-alexander\/\" title=\"Read Vols tocar millor? Gaudeix treballant. T\u00e8cnica Alexander\">Llegeix m\u00e9s\u00bb<\/a><br \/>\n","protected":false},"author":3,"featured_media":5831,"comment_status":"open","ping_status":"open","sticky":false,"template":"","format":"standard","meta":{"_bbp_topic_count":0,"_bbp_reply_count":0,"_bbp_total_topic_count":0,"_bbp_total_reply_count":0,"_bbp_voice_count":0,"_bbp_anonymous_reply_count":0,"_bbp_topic_count_hidden":0,"_bbp_reply_count_hidden":0,"_bbp_forum_subforum_count":0,"footnotes":""},"categories":[1,104],"tags":[],"class_list":["post-5830","post","type-post","status-publish","format-standard","has-post-thumbnail","hentry","category-general","category-uncategorized"],"post_mailing_queue_ids":[],"_links":{"self":[{"href":"https:\/\/agora.xtec.cat\/escolademusicsijpc\/wp-json\/wp\/v2\/posts\/5830","targetHints":{"allow":["GET"]}}],"collection":[{"href":"https:\/\/agora.xtec.cat\/escolademusicsijpc\/wp-json\/wp\/v2\/posts"}],"about":[{"href":"https:\/\/agora.xtec.cat\/escolademusicsijpc\/wp-json\/wp\/v2\/types\/post"}],"author":[{"embeddable":true,"href":"https:\/\/agora.xtec.cat\/escolademusicsijpc\/wp-json\/wp\/v2\/users\/3"}],"replies":[{"embeddable":true,"href":"https:\/\/agora.xtec.cat\/escolademusicsijpc\/wp-json\/wp\/v2\/comments?post=5830"}],"version-history":[{"count":3,"href":"https:\/\/agora.xtec.cat\/escolademusicsijpc\/wp-json\/wp\/v2\/posts\/5830\/revisions"}],"predecessor-version":[{"id":5844,"href":"https:\/\/agora.xtec.cat\/escolademusicsijpc\/wp-json\/wp\/v2\/posts\/5830\/revisions\/5844"}],"wp:featuredmedia":[{"embeddable":true,"href":"https:\/\/agora.xtec.cat\/escolademusicsijpc\/wp-json\/wp\/v2\/media\/5831"}],"wp:attachment":[{"href":"https:\/\/agora.xtec.cat\/escolademusicsijpc\/wp-json\/wp\/v2\/media?parent=5830"}],"wp:term":[{"taxonomy":"category","embeddable":true,"href":"https:\/\/agora.xtec.cat\/escolademusicsijpc\/wp-json\/wp\/v2\/categories?post=5830"},{"taxonomy":"post_tag","embeddable":true,"href":"https:\/\/agora.xtec.cat\/escolademusicsijpc\/wp-json\/wp\/v2\/tags?post=5830"}],"curies":[{"name":"wp","href":"https:\/\/api.w.org\/{rel}","templated":true}]}}