{"id":5766,"date":"2016-09-28T18:35:26","date_gmt":"2016-09-28T17:35:26","guid":{"rendered":"http:\/\/agora.xtec.cat\/escolademusicsijpc\/?p=5766"},"modified":"2016-09-28T18:36:00","modified_gmt":"2016-09-28T17:36:00","slug":"ravals-band-al-prego-de-la-barceloneta","status":"publish","type":"post","link":"https:\/\/agora.xtec.cat\/escolademusicsijpc\/grups\/ravals-band\/ravals-band-al-prego-de-la-barceloneta\/","title":{"rendered":"Raval\u2019s Band al preg\u00f3 de la Barceloneta!"},"content":{"rendered":"<p>Per inaugurar les festes de la Barceloneta, just despr\u00e9s del preg\u00f3, la nostra Raval\u2019s Band amenitzar\u00e0 als assistents amb un concert a la Pla\u00e7a de la Barceloneta a les 20:00. No hi podeu faltar!<\/p>\n<p><a href=\"http:\/\/agora.xtec.cat\/escolademusicsijpc\/ravals-band\/ravals-band-al-prego-de-la-barceloneta\/attachment\/image-3\/\" rel=\"attachment wp-att-5767\"><img loading=\"lazy\" decoding=\"async\" class=\"alignnone wp-image-5767 size-full\" src=\"http:\/\/agora.xtec.cat\/escolademusicsijpc\/wp-content\/uploads\/usu459\/2016\/09\/image.gif\" alt=\"image\" width=\"726\" height=\"220\" \/><\/a><\/p>\n<p><a href=\"http:\/\/guia.barcelona.cat\/es\/detall\/festa-major-de-la-barceloneta-prego-de-festa-major-a-carrec-de-geganters-grallers-i-bestiari-de-la-barceloneta-amb-motiu-del-seu-25e-aniversari-_99400353374.html\">http:\/\/guia.barcelona.cat\/es\/detall\/festa-major-de-la-barceloneta-prego-de-festa-major-a-carrec-de-geganters-grallers-i-bestiari-de-la-barceloneta-amb-motiu-del-seu-25e-aniversari-_99400353374.html<\/a><\/p>\n","protected":false},"excerpt":{"rendered":"<p>Per inaugurar les festes de la Barceloneta, just despr\u00e9s del preg\u00f3, la nostra Raval\u2019s Band amenitzar\u00e0 als assistents amb un concert a la Pla\u00e7a de la Barceloneta a les 20:00. No hi podeu faltar!<br \/>\n<a href=\"http:\/\/agora.xtec.cat\/escolademusicsijpc\/ravals-band\/ravals-band-al-prego-de-la-barceloneta\/attachment\/image-3\/\" rel=\"attachment wp-att-5767\"><\/a><br \/>\n<a href=\"http:\/\/guia.barcelona.cat\/es\/detall\/festa-major-de-la-barceloneta-prego-de-festa-major-a-carrec-de-geganters-grallers-i-bestiari-de-la-barceloneta-amb-motiu-del-seu-25e-aniversari-_99400353374.html\">http:\/\/guia.barcelona.cat\/es\/detall\/festa-major-de-la-barceloneta-prego-de-festa-major-a-carrec-de-geganters-grallers-i-bestiari-de-la-barceloneta-amb-motiu-del-seu-25e-aniversari-_99400353374.html<\/a><\/p>\n","protected":false},"author":3,"featured_media":5767,"comment_status":"open","ping_status":"open","sticky":false,"template":"","format":"standard","meta":{"_bbp_topic_count":0,"_bbp_reply_count":0,"_bbp_total_topic_count":0,"_bbp_total_reply_count":0,"_bbp_voice_count":0,"_bbp_anonymous_reply_count":0,"_bbp_topic_count_hidden":0,"_bbp_reply_count_hidden":0,"_bbp_forum_subforum_count":0,"footnotes":""},"categories":[75,104],"tags":[],"class_list":["post-5766","post","type-post","status-publish","format-standard","has-post-thumbnail","hentry","category-ravals-band","category-uncategorized"],"post_mailing_queue_ids":[],"_links":{"self":[{"href":"https:\/\/agora.xtec.cat\/escolademusicsijpc\/wp-json\/wp\/v2\/posts\/5766","targetHints":{"allow":["GET"]}}],"collection":[{"href":"https:\/\/agora.xtec.cat\/escolademusicsijpc\/wp-json\/wp\/v2\/posts"}],"about":[{"href":"https:\/\/agora.xtec.cat\/escolademusicsijpc\/wp-json\/wp\/v2\/types\/post"}],"author":[{"embeddable":true,"href":"https:\/\/agora.xtec.cat\/escolademusicsijpc\/wp-json\/wp\/v2\/users\/3"}],"replies":[{"embeddable":true,"href":"https:\/\/agora.xtec.cat\/escolademusicsijpc\/wp-json\/wp\/v2\/comments?post=5766"}],"version-history":[{"count":3,"href":"https:\/\/agora.xtec.cat\/escolademusicsijpc\/wp-json\/wp\/v2\/posts\/5766\/revisions"}],"predecessor-version":[{"id":5770,"href":"https:\/\/agora.xtec.cat\/escolademusicsijpc\/wp-json\/wp\/v2\/posts\/5766\/revisions\/5770"}],"wp:featuredmedia":[{"embeddable":true,"href":"https:\/\/agora.xtec.cat\/escolademusicsijpc\/wp-json\/wp\/v2\/media\/5767"}],"wp:attachment":[{"href":"https:\/\/agora.xtec.cat\/escolademusicsijpc\/wp-json\/wp\/v2\/media?parent=5766"}],"wp:term":[{"taxonomy":"category","embeddable":true,"href":"https:\/\/agora.xtec.cat\/escolademusicsijpc\/wp-json\/wp\/v2\/categories?post=5766"},{"taxonomy":"post_tag","embeddable":true,"href":"https:\/\/agora.xtec.cat\/escolademusicsijpc\/wp-json\/wp\/v2\/tags?post=5766"}],"curies":[{"name":"wp","href":"https:\/\/api.w.org\/{rel}","templated":true}]}}